{"id":4354,"date":"2021-07-06T09:49:21","date_gmt":"2021-07-06T09:49:21","guid":{"rendered":"https:\/\/lagranpantallafestival.com\/?p=4354"},"modified":"2021-07-06T09:51:28","modified_gmt":"2021-07-06T09:51:28","slug":"palmares-de-la-tercera-edicio-del-festival-la-gran-pantalla","status":"publish","type":"post","link":"https:\/\/lagranpantallafestival.com\/ca\/palmares-de-la-tercera-edicio-del-festival-la-gran-pantalla\/","title":{"rendered":"Palmar\u00e8s de la tercera edici\u00f3 del festival  La GRAN pantalla"},"content":{"rendered":"\n[et_pb_section fb_built=&#8221;1&#8243; _builder_version=&#8221;4.4.2&#8243; custom_padding=&#8221;0px||0px|||&#8221;][et_pb_row _builder_version=&#8221;4.4.2&#8243; custom_padding=&#8221;0px|||||&#8221;][et_pb_column _builder_version=&#8221;4.4.2&#8243; type=&#8221;4_4&#8243;][et_pb_text _builder_version=&#8221;4.4.2&#8243; hover_enabled=&#8221;0&#8243;]<p><b><\/b><\/p>\n<ul>\n<li aria-level=\"1\" style=\"text-align: left;\"><b>La pel\u00b7l\u00edcula <em>Trans<\/em> guanya el premi al Millor Curtmetratge Internacional La GRAN pantalla 2021.<\/b><\/li>\n<\/ul>\n<ul style=\"text-align: left;\">\n<li aria-level=\"1\"><b>El jurat ha atorgat dues mencions especials: Menci\u00f3 especial al millor curtmetratge d&#8217;animaci\u00f3 per a <i>Souvenir<\/i> i Menci\u00f3 especial al millor curtmetratge documental per a <i>La felicidad en que vivo<\/i>.<\/b><\/li>\n<\/ul>\n<ul style=\"text-align: left;\">\n<li aria-level=\"1\"><b>El p\u00fablic ofereix el seu premi a la pel\u00b7l\u00edcula catalana <i>La vella lluita<\/i>.<\/b><\/li>\n<\/ul>\n<p style=\"text-align: left;\"><b><\/b><\/p>\n<ul>\n<li aria-level=\"1\" style=\"text-align: left;\"><b>Carme Elias rep el Premi a la Traject\u00f2ria en un emotiu homenatge.<\/b>\u00a0<\/li>\n<\/ul>[\/et_pb_text][et_pb_text _builder_version=&#8221;4.4.2&#8243; hover_enabled=&#8221;0&#8243;]<p><span style=\"font-weight: 400;\">La GRAN pantalla va celebrar diumenge passat 4 de juliol la cerim\u00f2nia de clausura de la seva tercera edici\u00f3 als Cinemes Girona. Una gala que va tancar quatre dies de projeccions i activitats presencials, en els quals el p\u00fablic ha gaudit i ha participat des de l&#8217;alegria de poder tornar a les sales de cinema, en el marc d\u2019un festival que, un any m\u00e9s, s&#8217;ha convertit en un espai de trobada cinematogr\u00e0fica intergeneracional que desmunta els prejudicis i estereotips sobre les persones grans.<\/span><\/p>\n<p><b>PALMAR\u00c8S<\/b><\/p>\n<p><span style=\"font-weight: 400;\">El <\/span><a href=\"https:\/\/lagranpantallafestival.com\/es\/jurado\/\"><span style=\"font-weight: 400;\">jurat de la tercera edici\u00f3<\/span><\/a><span style=\"font-weight: 400;\"> del Festival Internacional de Cinema de les Persones Grans de Barcelona, format per Anna Sol\u00e0, Montserrat Alcoverro i Nuria Vidal, ha destacat que la selecci\u00f3 oficial de curtmetratges ha estat de gran nivell, diversitat i amb relats refrescants. En aquest sentit, el jurat opina que els curtmetratges programats ens apropen al m\u00f3n dels nostres grans des de diferents aspectes: quotidians, participatius, din\u00e0mics, econ\u00f2mics, culturals, sentimentals, conflictius, etc., des de la voluntat d&#8217;oferir una mirada positiva de les diferents situacions, a trav\u00e9s de diferents hist\u00f2ries, g\u00e8neres, cultures i classes socials.<\/span><\/p>\n<p><strong><span style=\"font-weight: 400;\">El premi al <\/span><b>Millor Curtmetratge Internacional de La Gran Pantalla 2021<\/b><span style=\"font-weight: 400;\"> ha estat atorgat\u00a0 a <\/span><a href=\"https:\/\/lagranpantallafestival.com\/es\/film\/trans\/\"><b><i>Trans<\/i><\/b><\/a><span style=\"font-weight: 400;\">, d\u2019\u00c1ngel Puado. El jurat ha premiat aquesta pel\u00b7l\u00edcula perqu\u00e8 \u00e9s una petita broma intel\u00b7ligent i transgressora que mostra el pensament de dues dones lliures, juganeres i sense prejudicis.<\/span><\/strong><\/p>\n[\/et_pb_text][et_pb_image src=&#8221;https:\/\/lagranpantallafestival.com\/wp-content\/uploads\/2021\/07\/DSCF9917-46-scaled.jpg&#8221; _builder_version=&#8221;4.4.2&#8243; width=&#8221;50%&#8221; module_alignment=&#8221;center&#8221; hover_enabled=&#8221;0&#8243;][\/et_pb_image][et_pb_text _builder_version=&#8221;4.4.2&#8243; hover_enabled=&#8221;0&#8243;]<p><span style=\"font-weight: 400;\">En aquesta ocasi\u00f3, el jurat ha decidit fer entrega de dues mencions especials. D\u2019una banda, la <\/span><b>Menci\u00f3 especial al millor curtmetratge d\u2019animaci\u00f3 <\/b><span style=\"font-weight: 400;\">per a<\/span><a href=\"https:\/\/lagranpantallafestival.com\/es\/film\/souvenir\/\"> <b><i>Souvenir<\/i><\/b><\/a><b><i>,<\/i><\/b><span style=\"font-weight: 400;\"> de les directores Cristina Vilches Estella i Paloma Canonica, \u201cper l&#8217;originalitat de la seva po\u00e8tica visual, la riquesa de les imatges i la clara reivindicaci\u00f3 dels records i la mem\u00f2ria com a part inconfusible d&#8217;un mateix\u201d; d\u2019altra, han atorgat la <\/span><b>Menci\u00f3 especial al millor curtmetratge documental <\/b><span style=\"font-weight: 400;\">a <\/span><a href=\"https:\/\/lagranpantallafestival.com\/es\/film\/la-felicidad-en-que-vivo\/\"><b><i>La Felicidad en que vivo<\/i><\/b><\/a><span style=\"font-weight: 400;\">. El jurado ha destacat el fet que la pel\u00b7l\u00edcula presenta un retrat d\u2019una persona trans de 84 anys que, \u201csense caure en el tremendisme de les joguines trencades ni al miserabilisme habitual d&#8217;aquests ambients, fa evident la doble marginaci\u00f3 de la vellesa i la discriminaci\u00f3 sexual\u201d.<\/span><\/p>\n[\/et_pb_text][\/et_pb_column][\/et_pb_row][et_pb_row _builder_version=&#8221;4.4.2&#8243; column_structure=&#8221;1_2,1_2&#8243;][et_pb_column _builder_version=&#8221;4.4.2&#8243; type=&#8221;1_2&#8243;][et_pb_image src=&#8221;https:\/\/lagranpantallafestival.com\/wp-content\/uploads\/2021\/07\/DSCF9905-41-scaled.jpg&#8221; _builder_version=&#8221;4.4.2&#8243; hover_enabled=&#8221;0&#8243;][\/et_pb_image][\/et_pb_column][et_pb_column _builder_version=&#8221;4.4.2&#8243; type=&#8221;1_2&#8243;][et_pb_image src=&#8221;https:\/\/lagranpantallafestival.com\/wp-content\/uploads\/2021\/07\/DSCF9909-43-scaled.jpg&#8221; _builder_version=&#8221;4.4.2&#8243; hover_enabled=&#8221;0&#8243;][\/et_pb_image][\/et_pb_column][\/et_pb_row][et_pb_row _builder_version=&#8221;4.4.2&#8243;][et_pb_column _builder_version=&#8221;4.4.2&#8243; type=&#8221;4_4&#8243;][et_pb_text _builder_version=&#8221;4.4.2&#8243; hover_enabled=&#8221;0&#8243;]<p><span style=\"font-weight: 400;\">El <\/span><b>Premi del P\u00fablic de La GRAN pantalla 2021<\/b><span style=\"font-weight: 400;\"> ha estat per a la producci\u00f3 catalana <\/span><a href=\"https:\/\/lagranpantallafestival.com\/es\/film\/la-vella-lluita\/\"><b><i>La vella lluita<\/i><\/b><\/a><span style=\"font-weight: 400;\"> de Carol Rodr\u00edguez i Marina Rodr\u00edguez. Aquest curtmetratge conta la hist\u00f2ria de Mar\u00eda que t\u00e9 93 anys i viu sola en el seu petit pis, on sembla que el temps no passa des de fa 50 anys. El seu \u00fanic contacte amb l&#8217;exterior \u00e9s la telefonada setmanal amb la seva amiga de la inf\u00e0ncia. Fins que un dia oblida per sempre el seu n\u00famero, quedant encara m\u00e9s a\u00efllada del m\u00f3n.<\/span><\/p>\n[\/et_pb_text][et_pb_image src=&#8221;https:\/\/lagranpantallafestival.com\/wp-content\/uploads\/2021\/07\/DSCF9883-38-scaled.jpg&#8221; _builder_version=&#8221;4.4.2&#8243; width=&#8221;50%&#8221; module_alignment=&#8221;center&#8221; hover_enabled=&#8221;0&#8243; locked=&#8221;off&#8221;][\/et_pb_image][et_pb_text _builder_version=&#8221;4.4.2&#8243; hover_enabled=&#8221;0&#8243;]<p><span style=\"font-weight: 400;\">Per \u00faltim, es va fer entrega del <\/span><b>Premi a la Traject\u00f2ria La GRAN pantalla 2021<\/b><span style=\"font-weight: 400;\"> a l\u2019actriu <\/span><b>Carme El\u00edas<\/b><span style=\"font-weight: 400;\"> en reconeixement a tota la seva extensa carrera com a actriu de teatre, televisi\u00f3 i cinema. En l&#8217;escena teatral, ha encarnat papers en obres emblem\u00e0tiques, aportant sempre una intensitat interpretativa \u00fanica. Al cinema, ha treballat amb directors de primera l\u00ednia com Francesc Bellmunt, Pere Portabella, Isabel Coixet, Fernando Fern\u00e1n-G\u00f3mez, Pedro Almod\u00f3var, Javier Fesser o Carlos Vermut, i ha estat reconeguda amb importants guardons, com el premi Nacional de Cinematografia de la Generalitat de Catalunya, el premi Sant Jordi, el Goya a la Millor Actriu Protagonista, el premi Uni\u00f3 d&#8217;Actors i, recentment, va rebre el premi Gaud\u00ed d&#8217;Honor-Miquel Porter 2021 de l&#8217;Acad\u00e8mia del Cinema Catal\u00e0.<\/span><\/p>\n[\/et_pb_text][\/et_pb_column][\/et_pb_row][et_pb_row _builder_version=&#8221;4.4.2&#8243; column_structure=&#8221;1_2,1_2&#8243;][et_pb_column _builder_version=&#8221;4.4.2&#8243; type=&#8221;1_2&#8243;][et_pb_image src=&#8221;https:\/\/lagranpantallafestival.com\/wp-content\/uploads\/2021\/07\/MG_0857-5-scaled.jpg&#8221; _builder_version=&#8221;4.4.2&#8243; hover_enabled=&#8221;0&#8243;][\/et_pb_image][\/et_pb_column][et_pb_column _builder_version=&#8221;4.4.2&#8243; type=&#8221;1_2&#8243;][et_pb_image src=&#8221;https:\/\/lagranpantallafestival.com\/wp-content\/uploads\/2021\/07\/DSCF9935-50-scaled.jpg&#8221; _builder_version=&#8221;4.4.2&#8243; hover_enabled=&#8221;0&#8243;][\/et_pb_image][\/et_pb_column][\/et_pb_row][\/et_pb_section]\n","protected":false},"excerpt":{"rendered":"<p>La pel\u00b7l\u00edcula Trans guanya el premi al Millor Curtmetratge Internacional La GRAN pantalla 2021. El jurat ha atorgat dues mencions especials: Menci\u00f3 especial al millor curtmetratge d&#8217;animaci\u00f3 per a Souvenir i Menci\u00f3 especial al millor curtmetratge documental per a La felicidad en que vivo. El p\u00fablic ofereix el seu premi a la pel\u00b7l\u00edcula catalana La [&hellip;]<\/p>\n","protected":false},"author":4,"featured_media":4376,"comment_status":"open","ping_status":"open","sticky":false,"template":"","format":"standard","meta":{"_et_pb_use_builder":"on","_et_pb_old_content":"","_et_gb_content_width":"","cybocfi_hide_featured_image":"yes","footnotes":""},"categories":[113],"tags":[],"class_list":["post-4354","post","type-post","status-publish","format-standard","has-post-thumbnail","hentry","category-blog-ca"],"yoast_head":"<!-- This site is optimized with the Yoast SEO plugin v26.7 - https:\/\/yoast.com\/wordpress\/plugins\/seo\/ -->\n<title>Palmar\u00e8s de la tercera edici\u00f3 del festival La GRAN pantalla &#183;<\/title>\n<meta name=\"description\" content=\"El Festival Internacional de Cine de las personas mayores La Gran Pantalla! es el primer espacio en Barcelona dedicado al encuentro cinematogr\u00e1fico intergeneracional. Proyectamos pel\u00edculas y cortometrajes que aborden nuevas miradas sobre el hecho de ser mayor. Nuestro objetivo es desmontar los estereotipos que existen en la sociedad y promover el envejecimiento activo, a trav\u00e9s de la reflexi\u00f3n y el debate que inspira el s\u00e9ptimo arte.\" \/>\n<meta name=\"robots\" content=\"index, follow, max-snippet:-1, max-image-preview:large, max-video-preview:-1\" \/>\n<link rel=\"canonical\" href=\"https:\/\/lagranpantallafestival.com\/ca\/palmares-de-la-tercera-edicio-del-festival-la-gran-pantalla\/\" \/>\n<meta property=\"og:locale\" content=\"ca_ES\" \/>\n<meta property=\"og:type\" content=\"article\" \/>\n<meta property=\"og:title\" content=\"Palmar\u00e8s de la tercera edici\u00f3 del festival La GRAN pantalla &#183;\" \/>\n<meta property=\"og:description\" content=\"El Festival Internacional de Cine de las personas mayores La Gran Pantalla! es el primer espacio en Barcelona dedicado al encuentro cinematogr\u00e1fico intergeneracional. Proyectamos pel\u00edculas y cortometrajes que aborden nuevas miradas sobre el hecho de ser mayor. Nuestro objetivo es desmontar los estereotipos que existen en la sociedad y promover el envejecimiento activo, a trav\u00e9s de la reflexi\u00f3n y el debate que inspira el s\u00e9ptimo arte.\" \/>\n<meta property=\"og:url\" content=\"https:\/\/lagranpantallafestival.com\/ca\/palmares-de-la-tercera-edicio-del-festival-la-gran-pantalla\/\" \/>\n<meta property=\"og:site_name\" content=\"Festival Internacional de Cinema de les Persones Grans de Barcelona: La Gran Pantalla\" \/>\n<meta property=\"article:publisher\" content=\"https:\/\/www.facebook.com\/lagranpantallabcn\/\" \/>\n<meta property=\"article:published_time\" content=\"2021-07-06T09:49:21+00:00\" \/>\n<meta property=\"article:modified_time\" content=\"2021-07-06T09:51:28+00:00\" \/>\n<meta property=\"og:image\" content=\"https:\/\/lagranpantallafestival.com\/wp-content\/uploads\/2021\/07\/DSCF9935-50-1-scaled.jpg\" \/>\n\t<meta property=\"og:image:width\" content=\"2560\" \/>\n\t<meta property=\"og:image:height\" content=\"1707\" \/>\n\t<meta property=\"og:image:type\" content=\"image\/jpeg\" \/>\n<meta name=\"author\" content=\"administrador\" \/>\n<meta name=\"twitter:card\" content=\"summary_large_image\" \/>\n<meta name=\"twitter:creator\" content=\"@granpantallabcn\" \/>\n<meta name=\"twitter:site\" content=\"@granpantallabcn\" \/>\n<meta name=\"twitter:label1\" content=\"Escrit per\" \/>\n\t<meta name=\"twitter:data1\" content=\"administrador\" \/>\n\t<meta name=\"twitter:label2\" content=\"Temps estimat de lectura\" \/>\n\t<meta name=\"twitter:data2\" content=\"5 minuts\" \/>\n<script type=\"application\/ld+json\" class=\"yoast-schema-graph\">{\"@context\":\"https:\/\/schema.org\",\"@graph\":[{\"@type\":\"Article\",\"@id\":\"https:\/\/lagranpantallafestival.com\/ca\/palmares-de-la-tercera-edicio-del-festival-la-gran-pantalla\/#article\",\"isPartOf\":{\"@id\":\"https:\/\/lagranpantallafestival.com\/ca\/palmares-de-la-tercera-edicio-del-festival-la-gran-pantalla\/\"},\"author\":{\"name\":\"administrador\",\"@id\":\"https:\/\/lagranpantallafestival.com\/ca\/#\/schema\/person\/fb23dbc47b084429fadec5d8d4992db2\"},\"headline\":\"Palmar\u00e8s de la tercera edici\u00f3 del festival La GRAN pantalla\",\"datePublished\":\"2021-07-06T09:49:21+00:00\",\"dateModified\":\"2021-07-06T09:51:28+00:00\",\"mainEntityOfPage\":{\"@id\":\"https:\/\/lagranpantallafestival.com\/ca\/palmares-de-la-tercera-edicio-del-festival-la-gran-pantalla\/\"},\"wordCount\":965,\"commentCount\":0,\"publisher\":{\"@id\":\"https:\/\/lagranpantallafestival.com\/ca\/#organization\"},\"image\":{\"@id\":\"https:\/\/lagranpantallafestival.com\/ca\/palmares-de-la-tercera-edicio-del-festival-la-gran-pantalla\/#primaryimage\"},\"thumbnailUrl\":\"https:\/\/lagranpantallafestival.com\/wp-content\/uploads\/2021\/07\/DSCF9935-50-1-scaled.jpg\",\"articleSection\":[\"NOTICIES\"],\"inLanguage\":\"ca\",\"potentialAction\":[{\"@type\":\"CommentAction\",\"name\":\"Comment\",\"target\":[\"https:\/\/lagranpantallafestival.com\/ca\/palmares-de-la-tercera-edicio-del-festival-la-gran-pantalla\/#respond\"]}]},{\"@type\":\"WebPage\",\"@id\":\"https:\/\/lagranpantallafestival.com\/ca\/palmares-de-la-tercera-edicio-del-festival-la-gran-pantalla\/\",\"url\":\"https:\/\/lagranpantallafestival.com\/ca\/palmares-de-la-tercera-edicio-del-festival-la-gran-pantalla\/\",\"name\":\"Palmar\u00e8s de la tercera edici\u00f3 del festival La GRAN pantalla &#183;\",\"isPartOf\":{\"@id\":\"https:\/\/lagranpantallafestival.com\/ca\/#website\"},\"primaryImageOfPage\":{\"@id\":\"https:\/\/lagranpantallafestival.com\/ca\/palmares-de-la-tercera-edicio-del-festival-la-gran-pantalla\/#primaryimage\"},\"image\":{\"@id\":\"https:\/\/lagranpantallafestival.com\/ca\/palmares-de-la-tercera-edicio-del-festival-la-gran-pantalla\/#primaryimage\"},\"thumbnailUrl\":\"https:\/\/lagranpantallafestival.com\/wp-content\/uploads\/2021\/07\/DSCF9935-50-1-scaled.jpg\",\"datePublished\":\"2021-07-06T09:49:21+00:00\",\"dateModified\":\"2021-07-06T09:51:28+00:00\",\"description\":\"El Festival Internacional de Cine de las personas mayores La Gran Pantalla! es el primer espacio en Barcelona dedicado al encuentro cinematogr\u00e1fico intergeneracional. Proyectamos pel\u00edculas y cortometrajes que aborden nuevas miradas sobre el hecho de ser mayor. Nuestro objetivo es desmontar los estereotipos que existen en la sociedad y promover el envejecimiento activo, a trav\u00e9s de la reflexi\u00f3n y el debate que inspira el s\u00e9ptimo arte.\",\"breadcrumb\":{\"@id\":\"https:\/\/lagranpantallafestival.com\/ca\/palmares-de-la-tercera-edicio-del-festival-la-gran-pantalla\/#breadcrumb\"},\"inLanguage\":\"ca\",\"potentialAction\":[{\"@type\":\"ReadAction\",\"target\":[\"https:\/\/lagranpantallafestival.com\/ca\/palmares-de-la-tercera-edicio-del-festival-la-gran-pantalla\/\"]}]},{\"@type\":\"BreadcrumbList\",\"@id\":\"https:\/\/lagranpantallafestival.com\/ca\/palmares-de-la-tercera-edicio-del-festival-la-gran-pantalla\/#breadcrumb\",\"itemListElement\":[{\"@type\":\"ListItem\",\"position\":1,\"name\":\"Portada\",\"item\":\"https:\/\/lagranpantallafestival.com\/ca\/\"},{\"@type\":\"ListItem\",\"position\":2,\"name\":\"Palmar\u00e8s de la tercera edici\u00f3 del festival La GRAN pantalla\"}]},{\"@type\":\"WebSite\",\"@id\":\"https:\/\/lagranpantallafestival.com\/ca\/#website\",\"url\":\"https:\/\/lagranpantallafestival.com\/ca\/\",\"name\":\"Festival Internacional de Cinema de les Persones Grans de Barcelona: La Gran Pantalla\",\"description\":\"El Festival Internacional de Cine de las personas mayores La gran pantalla! es el primer espacio en Barcelona dedicado al encuentro cinematogr\u00e1fico intergeneracional. Proyectamos pel\u00edculas y cortometrajes que aborden nuevas miradas sobre el hecho de ser mayor. Nuestro objetivo es desmontar los estereotipos que existen en la sociedad y promover el envejecimiento activo, a trav\u00e9s de la reflexi\u00f3n y el debate que inspira el s\u00e9ptimo arte.\",\"publisher\":{\"@id\":\"https:\/\/lagranpantallafestival.com\/ca\/#organization\"},\"potentialAction\":[{\"@type\":\"SearchAction\",\"target\":{\"@type\":\"EntryPoint\",\"urlTemplate\":\"https:\/\/lagranpantallafestival.com\/ca\/?s={search_term_string}\"},\"query-input\":{\"@type\":\"PropertyValueSpecification\",\"valueRequired\":true,\"valueName\":\"search_term_string\"}}],\"inLanguage\":\"ca\"},{\"@type\":\"Organization\",\"@id\":\"https:\/\/lagranpantallafestival.com\/ca\/#organization\",\"name\":\"[wpseo_titles]company_nombre\",\"url\":\"https:\/\/lagranpantallafestival.com\/ca\/\",\"logo\":{\"@type\":\"ImageObject\",\"inLanguage\":\"ca\",\"@id\":\"https:\/\/lagranpantallafestival.com\/ca\/#\/schema\/logo\/image\/\",\"url\":\"https:\/\/i0.wp.com\/lagranpantallafestival.com\/wp-content\/uploads\/2020\/05\/Logo_web_LaGranPantalla.png?fit=901%2C301&ssl=1\",\"contentUrl\":\"https:\/\/i0.wp.com\/lagranpantallafestival.com\/wp-content\/uploads\/2020\/05\/Logo_web_LaGranPantalla.png?fit=901%2C301&ssl=1\",\"width\":901,\"height\":301,\"caption\":\"[wpseo_titles]company_nombre\"},\"image\":{\"@id\":\"https:\/\/lagranpantallafestival.com\/ca\/#\/schema\/logo\/image\/\"},\"sameAs\":[\"https:\/\/www.facebook.com\/lagranpantallabcn\/\",\"https:\/\/x.com\/granpantallabcn\",\"https:\/\/www.instagram.com\/lagranpantallabcn\/\",\"https:\/\/www.youtube.com\/user\/colectivoelparlante\"]},{\"@type\":\"Person\",\"@id\":\"https:\/\/lagranpantallafestival.com\/ca\/#\/schema\/person\/fb23dbc47b084429fadec5d8d4992db2\",\"name\":\"administrador\",\"image\":{\"@type\":\"ImageObject\",\"inLanguage\":\"ca\",\"@id\":\"https:\/\/lagranpantallafestival.com\/ca\/#\/schema\/person\/image\/\",\"url\":\"https:\/\/secure.gravatar.com\/avatar\/6b19ea97f9a93831a040dbfabbb274da739a63945af08dffef124a0605391f4c?s=96&d=mm&r=g\",\"contentUrl\":\"https:\/\/secure.gravatar.com\/avatar\/6b19ea97f9a93831a040dbfabbb274da739a63945af08dffef124a0605391f4c?s=96&d=mm&r=g\",\"caption\":\"administrador\"},\"url\":\"https:\/\/lagranpantallafestival.com\/ca\/author\/administrador\/\"}]}<\/script>\n<!-- \/ Yoast SEO plugin. -->","yoast_head_json":{"title":"Palmar\u00e8s de la tercera edici\u00f3 del festival La GRAN pantalla &#183;","description":"El Festival Internacional de Cine de las personas mayores La Gran Pantalla! es el primer espacio en Barcelona dedicado al encuentro cinematogr\u00e1fico intergeneracional. Proyectamos pel\u00edculas y cortometrajes que aborden nuevas miradas sobre el hecho de ser mayor. Nuestro objetivo es desmontar los estereotipos que existen en la sociedad y promover el envejecimiento activo, a trav\u00e9s de la reflexi\u00f3n y el debate que inspira el s\u00e9ptimo arte.","robots":{"index":"index","follow":"follow","max-snippet":"max-snippet:-1","max-image-preview":"max-image-preview:large","max-video-preview":"max-video-preview:-1"},"canonical":"https:\/\/lagranpantallafestival.com\/ca\/palmares-de-la-tercera-edicio-del-festival-la-gran-pantalla\/","og_locale":"ca_ES","og_type":"article","og_title":"Palmar\u00e8s de la tercera edici\u00f3 del festival La GRAN pantalla &#183;","og_description":"El Festival Internacional de Cine de las personas mayores La Gran Pantalla! es el primer espacio en Barcelona dedicado al encuentro cinematogr\u00e1fico intergeneracional. Proyectamos pel\u00edculas y cortometrajes que aborden nuevas miradas sobre el hecho de ser mayor. Nuestro objetivo es desmontar los estereotipos que existen en la sociedad y promover el envejecimiento activo, a trav\u00e9s de la reflexi\u00f3n y el debate que inspira el s\u00e9ptimo arte.","og_url":"https:\/\/lagranpantallafestival.com\/ca\/palmares-de-la-tercera-edicio-del-festival-la-gran-pantalla\/","og_site_name":"Festival Internacional de Cinema de les Persones Grans de Barcelona: La Gran Pantalla","article_publisher":"https:\/\/www.facebook.com\/lagranpantallabcn\/","article_published_time":"2021-07-06T09:49:21+00:00","article_modified_time":"2021-07-06T09:51:28+00:00","og_image":[{"width":2560,"height":1707,"url":"https:\/\/lagranpantallafestival.com\/wp-content\/uploads\/2021\/07\/DSCF9935-50-1-scaled.jpg","type":"image\/jpeg"}],"author":"administrador","twitter_card":"summary_large_image","twitter_creator":"@granpantallabcn","twitter_site":"@granpantallabcn","twitter_misc":{"Escrit per":"administrador","Temps estimat de lectura":"5 minuts"},"schema":{"@context":"https:\/\/schema.org","@graph":[{"@type":"Article","@id":"https:\/\/lagranpantallafestival.com\/ca\/palmares-de-la-tercera-edicio-del-festival-la-gran-pantalla\/#article","isPartOf":{"@id":"https:\/\/lagranpantallafestival.com\/ca\/palmares-de-la-tercera-edicio-del-festival-la-gran-pantalla\/"},"author":{"name":"administrador","@id":"https:\/\/lagranpantallafestival.com\/ca\/#\/schema\/person\/fb23dbc47b084429fadec5d8d4992db2"},"headline":"Palmar\u00e8s de la tercera edici\u00f3 del festival La GRAN pantalla","datePublished":"2021-07-06T09:49:21+00:00","dateModified":"2021-07-06T09:51:28+00:00","mainEntityOfPage":{"@id":"https:\/\/lagranpantallafestival.com\/ca\/palmares-de-la-tercera-edicio-del-festival-la-gran-pantalla\/"},"wordCount":965,"commentCount":0,"publisher":{"@id":"https:\/\/lagranpantallafestival.com\/ca\/#organization"},"image":{"@id":"https:\/\/lagranpantallafestival.com\/ca\/palmares-de-la-tercera-edicio-del-festival-la-gran-pantalla\/#primaryimage"},"thumbnailUrl":"https:\/\/lagranpantallafestival.com\/wp-content\/uploads\/2021\/07\/DSCF9935-50-1-scaled.jpg","articleSection":["NOTICIES"],"inLanguage":"ca","potentialAction":[{"@type":"CommentAction","name":"Comment","target":["https:\/\/lagranpantallafestival.com\/ca\/palmares-de-la-tercera-edicio-del-festival-la-gran-pantalla\/#respond"]}]},{"@type":"WebPage","@id":"https:\/\/lagranpantallafestival.com\/ca\/palmares-de-la-tercera-edicio-del-festival-la-gran-pantalla\/","url":"https:\/\/lagranpantallafestival.com\/ca\/palmares-de-la-tercera-edicio-del-festival-la-gran-pantalla\/","name":"Palmar\u00e8s de la tercera edici\u00f3 del festival La GRAN pantalla &#183;","isPartOf":{"@id":"https:\/\/lagranpantallafestival.com\/ca\/#website"},"primaryImageOfPage":{"@id":"https:\/\/lagranpantallafestival.com\/ca\/palmares-de-la-tercera-edicio-del-festival-la-gran-pantalla\/#primaryimage"},"image":{"@id":"https:\/\/lagranpantallafestival.com\/ca\/palmares-de-la-tercera-edicio-del-festival-la-gran-pantalla\/#primaryimage"},"thumbnailUrl":"https:\/\/lagranpantallafestival.com\/wp-content\/uploads\/2021\/07\/DSCF9935-50-1-scaled.jpg","datePublished":"2021-07-06T09:49:21+00:00","dateModified":"2021-07-06T09:51:28+00:00","description":"El Festival Internacional de Cine de las personas mayores La Gran Pantalla! es el primer espacio en Barcelona dedicado al encuentro cinematogr\u00e1fico intergeneracional. Proyectamos pel\u00edculas y cortometrajes que aborden nuevas miradas sobre el hecho de ser mayor. Nuestro objetivo es desmontar los estereotipos que existen en la sociedad y promover el envejecimiento activo, a trav\u00e9s de la reflexi\u00f3n y el debate que inspira el s\u00e9ptimo arte.","breadcrumb":{"@id":"https:\/\/lagranpantallafestival.com\/ca\/palmares-de-la-tercera-edicio-del-festival-la-gran-pantalla\/#breadcrumb"},"inLanguage":"ca","potentialAction":[{"@type":"ReadAction","target":["https:\/\/lagranpantallafestival.com\/ca\/palmares-de-la-tercera-edicio-del-festival-la-gran-pantalla\/"]}]},{"@type":"BreadcrumbList","@id":"https:\/\/lagranpantallafestival.com\/ca\/palmares-de-la-tercera-edicio-del-festival-la-gran-pantalla\/#breadcrumb","itemListElement":[{"@type":"ListItem","position":1,"name":"Portada","item":"https:\/\/lagranpantallafestival.com\/ca\/"},{"@type":"ListItem","position":2,"name":"Palmar\u00e8s de la tercera edici\u00f3 del festival La GRAN pantalla"}]},{"@type":"WebSite","@id":"https:\/\/lagranpantallafestival.com\/ca\/#website","url":"https:\/\/lagranpantallafestival.com\/ca\/","name":"Festival Internacional de Cinema de les Persones Grans de Barcelona: La Gran Pantalla","description":"El Festival Internacional de Cine de las personas mayores La gran pantalla! es el primer espacio en Barcelona dedicado al encuentro cinematogr\u00e1fico intergeneracional. Proyectamos pel\u00edculas y cortometrajes que aborden nuevas miradas sobre el hecho de ser mayor. Nuestro objetivo es desmontar los estereotipos que existen en la sociedad y promover el envejecimiento activo, a trav\u00e9s de la reflexi\u00f3n y el debate que inspira el s\u00e9ptimo arte.","publisher":{"@id":"https:\/\/lagranpantallafestival.com\/ca\/#organization"},"potentialAction":[{"@type":"SearchAction","target":{"@type":"EntryPoint","urlTemplate":"https:\/\/lagranpantallafestival.com\/ca\/?s={search_term_string}"},"query-input":{"@type":"PropertyValueSpecification","valueRequired":true,"valueName":"search_term_string"}}],"inLanguage":"ca"},{"@type":"Organization","@id":"https:\/\/lagranpantallafestival.com\/ca\/#organization","name":"[wpseo_titles]company_nombre","url":"https:\/\/lagranpantallafestival.com\/ca\/","logo":{"@type":"ImageObject","inLanguage":"ca","@id":"https:\/\/lagranpantallafestival.com\/ca\/#\/schema\/logo\/image\/","url":"https:\/\/i0.wp.com\/lagranpantallafestival.com\/wp-content\/uploads\/2020\/05\/Logo_web_LaGranPantalla.png?fit=901%2C301&ssl=1","contentUrl":"https:\/\/i0.wp.com\/lagranpantallafestival.com\/wp-content\/uploads\/2020\/05\/Logo_web_LaGranPantalla.png?fit=901%2C301&ssl=1","width":901,"height":301,"caption":"[wpseo_titles]company_nombre"},"image":{"@id":"https:\/\/lagranpantallafestival.com\/ca\/#\/schema\/logo\/image\/"},"sameAs":["https:\/\/www.facebook.com\/lagranpantallabcn\/","https:\/\/x.com\/granpantallabcn","https:\/\/www.instagram.com\/lagranpantallabcn\/","https:\/\/www.youtube.com\/user\/colectivoelparlante"]},{"@type":"Person","@id":"https:\/\/lagranpantallafestival.com\/ca\/#\/schema\/person\/fb23dbc47b084429fadec5d8d4992db2","name":"administrador","image":{"@type":"ImageObject","inLanguage":"ca","@id":"https:\/\/lagranpantallafestival.com\/ca\/#\/schema\/person\/image\/","url":"https:\/\/secure.gravatar.com\/avatar\/6b19ea97f9a93831a040dbfabbb274da739a63945af08dffef124a0605391f4c?s=96&d=mm&r=g","contentUrl":"https:\/\/secure.gravatar.com\/avatar\/6b19ea97f9a93831a040dbfabbb274da739a63945af08dffef124a0605391f4c?s=96&d=mm&r=g","caption":"administrador"},"url":"https:\/\/lagranpantallafestival.com\/ca\/author\/administrador\/"}]}},"_links":{"self":[{"href":"https:\/\/lagranpantallafestival.com\/ca\/wp-json\/wp\/v2\/posts\/4354","targetHints":{"allow":["GET"]}}],"collection":[{"href":"https:\/\/lagranpantallafestival.com\/ca\/wp-json\/wp\/v2\/posts"}],"about":[{"href":"https:\/\/lagranpantallafestival.com\/ca\/wp-json\/wp\/v2\/types\/post"}],"author":[{"embeddable":true,"href":"https:\/\/lagranpantallafestival.com\/ca\/wp-json\/wp\/v2\/users\/4"}],"replies":[{"embeddable":true,"href":"https:\/\/lagranpantallafestival.com\/ca\/wp-json\/wp\/v2\/comments?post=4354"}],"version-history":[{"count":8,"href":"https:\/\/lagranpantallafestival.com\/ca\/wp-json\/wp\/v2\/posts\/4354\/revisions"}],"predecessor-version":[{"id":4377,"href":"https:\/\/lagranpantallafestival.com\/ca\/wp-json\/wp\/v2\/posts\/4354\/revisions\/4377"}],"wp:featuredmedia":[{"embeddable":true,"href":"https:\/\/lagranpantallafestival.com\/ca\/wp-json\/wp\/v2\/media\/4376"}],"wp:attachment":[{"href":"https:\/\/lagranpantallafestival.com\/ca\/wp-json\/wp\/v2\/media?parent=4354"}],"wp:term":[{"taxonomy":"category","embeddable":true,"href":"https:\/\/lagranpantallafestival.com\/ca\/wp-json\/wp\/v2\/categories?post=4354"},{"taxonomy":"post_tag","embeddable":true,"href":"https:\/\/lagranpantallafestival.com\/ca\/wp-json\/wp\/v2\/tags?post=4354"}],"curies":[{"name":"wp","href":"https:\/\/api.w.org\/{rel}","templated":true}]}}