{"id":4173,"date":"2021-06-17T10:22:03","date_gmt":"2021-06-17T10:22:03","guid":{"rendered":"https:\/\/lagranpantallafestival.com\/?p=4173"},"modified":"2024-12-20T11:32:01","modified_gmt":"2024-12-20T11:32:01","slug":"sembla-mentida-tornem-al-cinema","status":"publish","type":"post","link":"https:\/\/lagranpantallafestival.com\/ca\/sembla-mentida-tornem-al-cinema\/","title":{"rendered":"Sembla mentida\u2026 tornem al cinema!"},"content":{"rendered":"<p>[et_pb_section fb_built=&#8221;1&#8243; _builder_version=&#8221;4.4.2&#8243; custom_padding=&#8221;||0px|||&#8221;][et_pb_row _builder_version=&#8221;4.4.2&#8243; min_height=&#8221;770px&#8221; custom_margin=&#8221;-72px|auto||auto||&#8221;][et_pb_column type=&#8221;4_4&#8243; _builder_version=&#8221;4.4.2&#8243;][et_pb_text _builder_version=&#8221;4.4.2&#8243;]<\/p>\n<p><strong>Por: Alfredo Cohen M, director de La GRAN pantalla<\/strong><\/p>\n<p><span style=\"font-weight: 400;\">Parece una pel\u00edcula. Parece una ficci\u00f3n que este festival solo cumpla tres a\u00f1os y hayamos vivido tantas cosas. Lo lanzamos en 2019 casi como un experimento. Ten\u00edamos la intuici\u00f3n, basada en un trabajo audiovisual comunitario en diferentes barrios de Barcelona, de que las personas mayores reclamaban un espacio de encuentro y reflexi\u00f3n con el s\u00e9ptimo arte como hilo conductor. Muchas de estas personas exig\u00edan una mirada distinta sobre sus realidades. Una mirada alejada de los estereotipos y prejuicios cl\u00e1sicos que las nombraban como antiguas, aburridas, reprimidas, amargadas, sin motivaci\u00f3n por el aprendizaje o la participaci\u00f3n social. Algo as\u00ed como \u2018post-ciudadanos\u2019, siempre miembros de una sociedad en la que generaban m\u00e1s gasto social que ingresos.<\/span><\/p>\n<p><span style=\"font-weight: 400;\"><span style=\"text-decoration: underline;\"><\/span><\/span><\/p>\n<p>[\/et_pb_text][et_pb_image src=&#8221;https:\/\/lagranpantallafestival.com\/wp-content\/uploads\/2021\/06\/MG_7820-9-scaled.jpg&#8221; _builder_version=&#8221;4.4.2&#8243; custom_margin=&#8221;|170px||||&#8221; custom_padding=&#8221;|||170px||&#8221;][\/et_pb_image][et_pb_text _builder_version=&#8221;4.4.2&#8243;]<\/p>\n<p><span>En aquel verano de 2019 los Cines Girona se llenaron de cabezas blancas (y no tan blancas) para, frente a una gran pantalla, hablar de feminismo, de personas mayores LGTBI+, de ser mayor en distintas culturas, de relaciones intergeneracionales potentes. Aquel primer festival nos dej\u00f3 claro que no est\u00e1bamos locos, que la gente mayor de Barcelona ten\u00eda capacidades infinitas para debatir, reflexionar, aprender, aportar&#8230; y que las im\u00e1genes en movimiento eran una excusa perfecta para la construcci\u00f3n de nuevos imaginarios sobre el fant\u00e1stico hecho de envejecer.<\/span><\/p>\n<p><span>Menos de un a\u00f1o despu\u00e9s, la pel\u00edcula se volvi\u00f3 de terror. Con las salas de cine cerradas y grandes ciudades del mundo vaciadas como si de un apocalipsis se tratara, las personas mayores aparec\u00edan cada d\u00eda en los medios de comunicaci\u00f3n internacionales, como seres vulnerables. De repente, se convirtieron en una cifra. Un n\u00famero sin nombre ni historia apartadas de todos en una sala de hospital o en una funeraria. Con suerte, la tele las mostraba asomadas a las ventanas de sus casas, con poco que decir.<\/span><\/p>\n<p><span>Nos tocar\u00e1 ser abuelos para contarle a nuestros nietos que a pesar del Covid hicimos una inauguraci\u00f3n con medidas extremas de bioseguridad y exhibimos pel\u00edculas en una plataforma digital en formato festival. Lo que les parecer\u00e1 muy simple, el a\u00f1o pasado fue revolucionario. De repente, se\u00f1oras octogenarias estaban conectadas por videollamadas para debatir sobre cine y, sobre todo, para insistir en el hecho de que la salud mental es tan importante como la f\u00edsica. As\u00ed fue como ratificamos que poner a las personas mayores en el centro implica cuidarlas con m\u00e1s y mejores espacios de di\u00e1logo, encuentro y libertad.<\/span><\/p>\n<p><span>En el Caribe de Colombia, donde de casualidad nac\u00ed, llamamos carreta, cuento, embuste, paja o ch\u00e1chara a las historias que exageramos&#8230; y que son muchas. Pues parece carreta que un a\u00f1o m\u00e1s tarde la ciencia haya creado una vacuna y todas las personas mayores de esta ciudad est\u00e9n vacunadas. Parece embuste, una farsa, pero es tan real como el documental que cerrar\u00e1 la 3\u00aa edici\u00f3n de La GRAN pantalla, el Festival Internacional de Cine de las Personas Mayores de Barcelona, una vacuna contra la indiferencia, la soledad no deseada y el edadismo.<\/span><\/p>\n<p><span>\u00a1Nos vemos en el cine!<strong> del 1 al 4 de julio en los Girona<\/strong> y del <strong>1 al 10 de julio a trav\u00e9s de Filmin<\/strong>. Tambi\u00e9n encontrar\u00e9is di\u00e1logos, debates y mucho m\u00e1s en <a href=\"www.lagranpantallafestival.com\">nuestra p\u00e1gina web<\/a>.<\/span><\/p>\n<p>[\/et_pb_text][\/et_pb_column][\/et_pb_row][\/et_pb_section]<\/p>\n","protected":false},"excerpt":{"rendered":"<p>Por: Alfredo Cohen M, director de La GRAN pantalla Parece una pel\u00edcula. Parece una ficci\u00f3n que este festival solo cumpla tres a\u00f1os y hayamos vivido tantas cosas. Lo lanzamos en 2019 casi como un experimento. Ten\u00edamos la intuici\u00f3n, basada en un trabajo audiovisual comunitario en diferentes barrios de Barcelona, de que las personas mayores reclamaban [&hellip;]<\/p>\n","protected":false},"author":4,"featured_media":4171,"comment_status":"open","ping_status":"open","sticky":false,"template":"","format":"standard","meta":{"_et_pb_use_builder":"on","_et_pb_old_content":"","_et_gb_content_width":"","cybocfi_hide_featured_image":"yes","footnotes":""},"categories":[113],"tags":[],"class_list":["post-4173","post","type-post","status-publish","format-standard","has-post-thumbnail","hentry","category-blog-ca"],"yoast_head":"<!-- This site is optimized with the Yoast SEO plugin v26.7 - https:\/\/yoast.com\/wordpress\/plugins\/seo\/ -->\n<title>Sembla mentida\u2026 tornem al cinema! &#183;<\/title>\n<meta name=\"description\" content=\"El Festival Internacional de Cine de las personas mayores La Gran Pantalla! es el primer espacio en Barcelona dedicado al encuentro cinematogr\u00e1fico intergeneracional. Proyectamos pel\u00edculas y cortometrajes que aborden nuevas miradas sobre el hecho de ser mayor. Nuestro objetivo es desmontar los estereotipos que existen en la sociedad y promover el envejecimiento activo, a trav\u00e9s de la reflexi\u00f3n y el debate que inspira el s\u00e9ptimo arte.\" \/>\n<meta name=\"robots\" content=\"index, follow, max-snippet:-1, max-image-preview:large, max-video-preview:-1\" \/>\n<link rel=\"canonical\" href=\"https:\/\/lagranpantallafestival.com\/ca\/sembla-mentida-tornem-al-cinema\/\" \/>\n<meta property=\"og:locale\" content=\"ca_ES\" \/>\n<meta property=\"og:type\" content=\"article\" \/>\n<meta property=\"og:title\" content=\"Sembla mentida\u2026 tornem al cinema! &#183;\" \/>\n<meta property=\"og:description\" content=\"El Festival Internacional de Cine de las personas mayores La Gran Pantalla! es el primer espacio en Barcelona dedicado al encuentro cinematogr\u00e1fico intergeneracional. Proyectamos pel\u00edculas y cortometrajes que aborden nuevas miradas sobre el hecho de ser mayor. Nuestro objetivo es desmontar los estereotipos que existen en la sociedad y promover el envejecimiento activo, a trav\u00e9s de la reflexi\u00f3n y el debate que inspira el s\u00e9ptimo arte.\" \/>\n<meta property=\"og:url\" content=\"https:\/\/lagranpantallafestival.com\/ca\/sembla-mentida-tornem-al-cinema\/\" \/>\n<meta property=\"og:site_name\" content=\"Festival Internacional de Cinema de les Persones Grans de Barcelona: La Gran Pantalla\" \/>\n<meta property=\"article:publisher\" content=\"https:\/\/www.facebook.com\/lagranpantallabcn\/\" \/>\n<meta property=\"article:published_time\" content=\"2021-06-17T10:22:03+00:00\" \/>\n<meta property=\"article:modified_time\" content=\"2024-12-20T11:32:01+00:00\" \/>\n<meta property=\"og:image\" content=\"https:\/\/lagranpantallafestival.com\/wp-content\/uploads\/2021\/06\/MG_7820-9-scaled.jpg\" \/>\n\t<meta property=\"og:image:width\" content=\"2560\" \/>\n\t<meta property=\"og:image:height\" content=\"1707\" \/>\n\t<meta property=\"og:image:type\" content=\"image\/jpeg\" \/>\n<meta name=\"author\" content=\"administrador\" \/>\n<meta name=\"twitter:card\" content=\"summary_large_image\" \/>\n<meta name=\"twitter:creator\" content=\"@granpantallabcn\" \/>\n<meta name=\"twitter:site\" content=\"@granpantallabcn\" \/>\n<meta name=\"twitter:label1\" content=\"Escrit per\" \/>\n\t<meta name=\"twitter:data1\" content=\"administrador\" \/>\n\t<meta name=\"twitter:label2\" content=\"Temps estimat de lectura\" \/>\n\t<meta name=\"twitter:data2\" content=\"3 minuts\" \/>\n<script type=\"application\/ld+json\" class=\"yoast-schema-graph\">{\"@context\":\"https:\/\/schema.org\",\"@graph\":[{\"@type\":\"Article\",\"@id\":\"https:\/\/lagranpantallafestival.com\/ca\/sembla-mentida-tornem-al-cinema\/#article\",\"isPartOf\":{\"@id\":\"https:\/\/lagranpantallafestival.com\/ca\/sembla-mentida-tornem-al-cinema\/\"},\"author\":{\"name\":\"administrador\",\"@id\":\"https:\/\/lagranpantallafestival.com\/ca\/#\/schema\/person\/fb23dbc47b084429fadec5d8d4992db2\"},\"headline\":\"Sembla mentida\u2026 tornem al cinema!\",\"datePublished\":\"2021-06-17T10:22:03+00:00\",\"dateModified\":\"2024-12-20T11:32:01+00:00\",\"mainEntityOfPage\":{\"@id\":\"https:\/\/lagranpantallafestival.com\/ca\/sembla-mentida-tornem-al-cinema\/\"},\"wordCount\":642,\"commentCount\":0,\"publisher\":{\"@id\":\"https:\/\/lagranpantallafestival.com\/ca\/#organization\"},\"image\":{\"@id\":\"https:\/\/lagranpantallafestival.com\/ca\/sembla-mentida-tornem-al-cinema\/#primaryimage\"},\"thumbnailUrl\":\"https:\/\/lagranpantallafestival.com\/wp-content\/uploads\/2021\/06\/MG_7820-9-scaled.jpg\",\"articleSection\":[\"NOTICIES\"],\"inLanguage\":\"ca\",\"potentialAction\":[{\"@type\":\"CommentAction\",\"name\":\"Comment\",\"target\":[\"https:\/\/lagranpantallafestival.com\/ca\/sembla-mentida-tornem-al-cinema\/#respond\"]}]},{\"@type\":\"WebPage\",\"@id\":\"https:\/\/lagranpantallafestival.com\/ca\/sembla-mentida-tornem-al-cinema\/\",\"url\":\"https:\/\/lagranpantallafestival.com\/ca\/sembla-mentida-tornem-al-cinema\/\",\"name\":\"Sembla mentida\u2026 tornem al cinema! &#183;\",\"isPartOf\":{\"@id\":\"https:\/\/lagranpantallafestival.com\/ca\/#website\"},\"primaryImageOfPage\":{\"@id\":\"https:\/\/lagranpantallafestival.com\/ca\/sembla-mentida-tornem-al-cinema\/#primaryimage\"},\"image\":{\"@id\":\"https:\/\/lagranpantallafestival.com\/ca\/sembla-mentida-tornem-al-cinema\/#primaryimage\"},\"thumbnailUrl\":\"https:\/\/lagranpantallafestival.com\/wp-content\/uploads\/2021\/06\/MG_7820-9-scaled.jpg\",\"datePublished\":\"2021-06-17T10:22:03+00:00\",\"dateModified\":\"2024-12-20T11:32:01+00:00\",\"description\":\"El Festival Internacional de Cine de las personas mayores La Gran Pantalla! es el primer espacio en Barcelona dedicado al encuentro cinematogr\u00e1fico intergeneracional. Proyectamos pel\u00edculas y cortometrajes que aborden nuevas miradas sobre el hecho de ser mayor. Nuestro objetivo es desmontar los estereotipos que existen en la sociedad y promover el envejecimiento activo, a trav\u00e9s de la reflexi\u00f3n y el debate que inspira el s\u00e9ptimo arte.\",\"breadcrumb\":{\"@id\":\"https:\/\/lagranpantallafestival.com\/ca\/sembla-mentida-tornem-al-cinema\/#breadcrumb\"},\"inLanguage\":\"ca\",\"potentialAction\":[{\"@type\":\"ReadAction\",\"target\":[\"https:\/\/lagranpantallafestival.com\/ca\/sembla-mentida-tornem-al-cinema\/\"]}]},{\"@type\":\"BreadcrumbList\",\"@id\":\"https:\/\/lagranpantallafestival.com\/ca\/sembla-mentida-tornem-al-cinema\/#breadcrumb\",\"itemListElement\":[{\"@type\":\"ListItem\",\"position\":1,\"name\":\"Portada\",\"item\":\"https:\/\/lagranpantallafestival.com\/ca\/\"},{\"@type\":\"ListItem\",\"position\":2,\"name\":\"Sembla mentida\u2026 tornem al cinema!\"}]},{\"@type\":\"WebSite\",\"@id\":\"https:\/\/lagranpantallafestival.com\/ca\/#website\",\"url\":\"https:\/\/lagranpantallafestival.com\/ca\/\",\"name\":\"Festival Internacional de Cinema de les Persones Grans de Barcelona: La Gran Pantalla\",\"description\":\"El Festival Internacional de Cine de las personas mayores La gran pantalla! es el primer espacio en Barcelona dedicado al encuentro cinematogr\u00e1fico intergeneracional. Proyectamos pel\u00edculas y cortometrajes que aborden nuevas miradas sobre el hecho de ser mayor. Nuestro objetivo es desmontar los estereotipos que existen en la sociedad y promover el envejecimiento activo, a trav\u00e9s de la reflexi\u00f3n y el debate que inspira el s\u00e9ptimo arte.\",\"publisher\":{\"@id\":\"https:\/\/lagranpantallafestival.com\/ca\/#organization\"},\"potentialAction\":[{\"@type\":\"SearchAction\",\"target\":{\"@type\":\"EntryPoint\",\"urlTemplate\":\"https:\/\/lagranpantallafestival.com\/ca\/?s={search_term_string}\"},\"query-input\":{\"@type\":\"PropertyValueSpecification\",\"valueRequired\":true,\"valueName\":\"search_term_string\"}}],\"inLanguage\":\"ca\"},{\"@type\":\"Organization\",\"@id\":\"https:\/\/lagranpantallafestival.com\/ca\/#organization\",\"name\":\"[wpseo_titles]company_nombre\",\"url\":\"https:\/\/lagranpantallafestival.com\/ca\/\",\"logo\":{\"@type\":\"ImageObject\",\"inLanguage\":\"ca\",\"@id\":\"https:\/\/lagranpantallafestival.com\/ca\/#\/schema\/logo\/image\/\",\"url\":\"https:\/\/i0.wp.com\/lagranpantallafestival.com\/wp-content\/uploads\/2020\/05\/Logo_web_LaGranPantalla.png?fit=901%2C301&ssl=1\",\"contentUrl\":\"https:\/\/i0.wp.com\/lagranpantallafestival.com\/wp-content\/uploads\/2020\/05\/Logo_web_LaGranPantalla.png?fit=901%2C301&ssl=1\",\"width\":901,\"height\":301,\"caption\":\"[wpseo_titles]company_nombre\"},\"image\":{\"@id\":\"https:\/\/lagranpantallafestival.com\/ca\/#\/schema\/logo\/image\/\"},\"sameAs\":[\"https:\/\/www.facebook.com\/lagranpantallabcn\/\",\"https:\/\/x.com\/granpantallabcn\",\"https:\/\/www.instagram.com\/lagranpantallabcn\/\",\"https:\/\/www.youtube.com\/user\/colectivoelparlante\"]},{\"@type\":\"Person\",\"@id\":\"https:\/\/lagranpantallafestival.com\/ca\/#\/schema\/person\/fb23dbc47b084429fadec5d8d4992db2\",\"name\":\"administrador\",\"image\":{\"@type\":\"ImageObject\",\"inLanguage\":\"ca\",\"@id\":\"https:\/\/lagranpantallafestival.com\/ca\/#\/schema\/person\/image\/\",\"url\":\"https:\/\/secure.gravatar.com\/avatar\/6b19ea97f9a93831a040dbfabbb274da739a63945af08dffef124a0605391f4c?s=96&d=mm&r=g\",\"contentUrl\":\"https:\/\/secure.gravatar.com\/avatar\/6b19ea97f9a93831a040dbfabbb274da739a63945af08dffef124a0605391f4c?s=96&d=mm&r=g\",\"caption\":\"administrador\"},\"url\":\"https:\/\/lagranpantallafestival.com\/ca\/author\/administrador\/\"}]}<\/script>\n<!-- \/ Yoast SEO plugin. -->","yoast_head_json":{"title":"Sembla mentida\u2026 tornem al cinema! &#183;","description":"El Festival Internacional de Cine de las personas mayores La Gran Pantalla! es el primer espacio en Barcelona dedicado al encuentro cinematogr\u00e1fico intergeneracional. Proyectamos pel\u00edculas y cortometrajes que aborden nuevas miradas sobre el hecho de ser mayor. Nuestro objetivo es desmontar los estereotipos que existen en la sociedad y promover el envejecimiento activo, a trav\u00e9s de la reflexi\u00f3n y el debate que inspira el s\u00e9ptimo arte.","robots":{"index":"index","follow":"follow","max-snippet":"max-snippet:-1","max-image-preview":"max-image-preview:large","max-video-preview":"max-video-preview:-1"},"canonical":"https:\/\/lagranpantallafestival.com\/ca\/sembla-mentida-tornem-al-cinema\/","og_locale":"ca_ES","og_type":"article","og_title":"Sembla mentida\u2026 tornem al cinema! &#183;","og_description":"El Festival Internacional de Cine de las personas mayores La Gran Pantalla! es el primer espacio en Barcelona dedicado al encuentro cinematogr\u00e1fico intergeneracional. Proyectamos pel\u00edculas y cortometrajes que aborden nuevas miradas sobre el hecho de ser mayor. Nuestro objetivo es desmontar los estereotipos que existen en la sociedad y promover el envejecimiento activo, a trav\u00e9s de la reflexi\u00f3n y el debate que inspira el s\u00e9ptimo arte.","og_url":"https:\/\/lagranpantallafestival.com\/ca\/sembla-mentida-tornem-al-cinema\/","og_site_name":"Festival Internacional de Cinema de les Persones Grans de Barcelona: La Gran Pantalla","article_publisher":"https:\/\/www.facebook.com\/lagranpantallabcn\/","article_published_time":"2021-06-17T10:22:03+00:00","article_modified_time":"2024-12-20T11:32:01+00:00","og_image":[{"width":2560,"height":1707,"url":"https:\/\/lagranpantallafestival.com\/wp-content\/uploads\/2021\/06\/MG_7820-9-scaled.jpg","type":"image\/jpeg"}],"author":"administrador","twitter_card":"summary_large_image","twitter_creator":"@granpantallabcn","twitter_site":"@granpantallabcn","twitter_misc":{"Escrit per":"administrador","Temps estimat de lectura":"3 minuts"},"schema":{"@context":"https:\/\/schema.org","@graph":[{"@type":"Article","@id":"https:\/\/lagranpantallafestival.com\/ca\/sembla-mentida-tornem-al-cinema\/#article","isPartOf":{"@id":"https:\/\/lagranpantallafestival.com\/ca\/sembla-mentida-tornem-al-cinema\/"},"author":{"name":"administrador","@id":"https:\/\/lagranpantallafestival.com\/ca\/#\/schema\/person\/fb23dbc47b084429fadec5d8d4992db2"},"headline":"Sembla mentida\u2026 tornem al cinema!","datePublished":"2021-06-17T10:22:03+00:00","dateModified":"2024-12-20T11:32:01+00:00","mainEntityOfPage":{"@id":"https:\/\/lagranpantallafestival.com\/ca\/sembla-mentida-tornem-al-cinema\/"},"wordCount":642,"commentCount":0,"publisher":{"@id":"https:\/\/lagranpantallafestival.com\/ca\/#organization"},"image":{"@id":"https:\/\/lagranpantallafestival.com\/ca\/sembla-mentida-tornem-al-cinema\/#primaryimage"},"thumbnailUrl":"https:\/\/lagranpantallafestival.com\/wp-content\/uploads\/2021\/06\/MG_7820-9-scaled.jpg","articleSection":["NOTICIES"],"inLanguage":"ca","potentialAction":[{"@type":"CommentAction","name":"Comment","target":["https:\/\/lagranpantallafestival.com\/ca\/sembla-mentida-tornem-al-cinema\/#respond"]}]},{"@type":"WebPage","@id":"https:\/\/lagranpantallafestival.com\/ca\/sembla-mentida-tornem-al-cinema\/","url":"https:\/\/lagranpantallafestival.com\/ca\/sembla-mentida-tornem-al-cinema\/","name":"Sembla mentida\u2026 tornem al cinema! &#183;","isPartOf":{"@id":"https:\/\/lagranpantallafestival.com\/ca\/#website"},"primaryImageOfPage":{"@id":"https:\/\/lagranpantallafestival.com\/ca\/sembla-mentida-tornem-al-cinema\/#primaryimage"},"image":{"@id":"https:\/\/lagranpantallafestival.com\/ca\/sembla-mentida-tornem-al-cinema\/#primaryimage"},"thumbnailUrl":"https:\/\/lagranpantallafestival.com\/wp-content\/uploads\/2021\/06\/MG_7820-9-scaled.jpg","datePublished":"2021-06-17T10:22:03+00:00","dateModified":"2024-12-20T11:32:01+00:00","description":"El Festival Internacional de Cine de las personas mayores La Gran Pantalla! es el primer espacio en Barcelona dedicado al encuentro cinematogr\u00e1fico intergeneracional. Proyectamos pel\u00edculas y cortometrajes que aborden nuevas miradas sobre el hecho de ser mayor. Nuestro objetivo es desmontar los estereotipos que existen en la sociedad y promover el envejecimiento activo, a trav\u00e9s de la reflexi\u00f3n y el debate que inspira el s\u00e9ptimo arte.","breadcrumb":{"@id":"https:\/\/lagranpantallafestival.com\/ca\/sembla-mentida-tornem-al-cinema\/#breadcrumb"},"inLanguage":"ca","potentialAction":[{"@type":"ReadAction","target":["https:\/\/lagranpantallafestival.com\/ca\/sembla-mentida-tornem-al-cinema\/"]}]},{"@type":"BreadcrumbList","@id":"https:\/\/lagranpantallafestival.com\/ca\/sembla-mentida-tornem-al-cinema\/#breadcrumb","itemListElement":[{"@type":"ListItem","position":1,"name":"Portada","item":"https:\/\/lagranpantallafestival.com\/ca\/"},{"@type":"ListItem","position":2,"name":"Sembla mentida\u2026 tornem al cinema!"}]},{"@type":"WebSite","@id":"https:\/\/lagranpantallafestival.com\/ca\/#website","url":"https:\/\/lagranpantallafestival.com\/ca\/","name":"Festival Internacional de Cinema de les Persones Grans de Barcelona: La Gran Pantalla","description":"El Festival Internacional de Cine de las personas mayores La gran pantalla! es el primer espacio en Barcelona dedicado al encuentro cinematogr\u00e1fico intergeneracional. Proyectamos pel\u00edculas y cortometrajes que aborden nuevas miradas sobre el hecho de ser mayor. Nuestro objetivo es desmontar los estereotipos que existen en la sociedad y promover el envejecimiento activo, a trav\u00e9s de la reflexi\u00f3n y el debate que inspira el s\u00e9ptimo arte.","publisher":{"@id":"https:\/\/lagranpantallafestival.com\/ca\/#organization"},"potentialAction":[{"@type":"SearchAction","target":{"@type":"EntryPoint","urlTemplate":"https:\/\/lagranpantallafestival.com\/ca\/?s={search_term_string}"},"query-input":{"@type":"PropertyValueSpecification","valueRequired":true,"valueName":"search_term_string"}}],"inLanguage":"ca"},{"@type":"Organization","@id":"https:\/\/lagranpantallafestival.com\/ca\/#organization","name":"[wpseo_titles]company_nombre","url":"https:\/\/lagranpantallafestival.com\/ca\/","logo":{"@type":"ImageObject","inLanguage":"ca","@id":"https:\/\/lagranpantallafestival.com\/ca\/#\/schema\/logo\/image\/","url":"https:\/\/i0.wp.com\/lagranpantallafestival.com\/wp-content\/uploads\/2020\/05\/Logo_web_LaGranPantalla.png?fit=901%2C301&ssl=1","contentUrl":"https:\/\/i0.wp.com\/lagranpantallafestival.com\/wp-content\/uploads\/2020\/05\/Logo_web_LaGranPantalla.png?fit=901%2C301&ssl=1","width":901,"height":301,"caption":"[wpseo_titles]company_nombre"},"image":{"@id":"https:\/\/lagranpantallafestival.com\/ca\/#\/schema\/logo\/image\/"},"sameAs":["https:\/\/www.facebook.com\/lagranpantallabcn\/","https:\/\/x.com\/granpantallabcn","https:\/\/www.instagram.com\/lagranpantallabcn\/","https:\/\/www.youtube.com\/user\/colectivoelparlante"]},{"@type":"Person","@id":"https:\/\/lagranpantallafestival.com\/ca\/#\/schema\/person\/fb23dbc47b084429fadec5d8d4992db2","name":"administrador","image":{"@type":"ImageObject","inLanguage":"ca","@id":"https:\/\/lagranpantallafestival.com\/ca\/#\/schema\/person\/image\/","url":"https:\/\/secure.gravatar.com\/avatar\/6b19ea97f9a93831a040dbfabbb274da739a63945af08dffef124a0605391f4c?s=96&d=mm&r=g","contentUrl":"https:\/\/secure.gravatar.com\/avatar\/6b19ea97f9a93831a040dbfabbb274da739a63945af08dffef124a0605391f4c?s=96&d=mm&r=g","caption":"administrador"},"url":"https:\/\/lagranpantallafestival.com\/ca\/author\/administrador\/"}]}},"_links":{"self":[{"href":"https:\/\/lagranpantallafestival.com\/ca\/wp-json\/wp\/v2\/posts\/4173","targetHints":{"allow":["GET"]}}],"collection":[{"href":"https:\/\/lagranpantallafestival.com\/ca\/wp-json\/wp\/v2\/posts"}],"about":[{"href":"https:\/\/lagranpantallafestival.com\/ca\/wp-json\/wp\/v2\/types\/post"}],"author":[{"embeddable":true,"href":"https:\/\/lagranpantallafestival.com\/ca\/wp-json\/wp\/v2\/users\/4"}],"replies":[{"embeddable":true,"href":"https:\/\/lagranpantallafestival.com\/ca\/wp-json\/wp\/v2\/comments?post=4173"}],"version-history":[{"count":4,"href":"https:\/\/lagranpantallafestival.com\/ca\/wp-json\/wp\/v2\/posts\/4173\/revisions"}],"predecessor-version":[{"id":245674,"href":"https:\/\/lagranpantallafestival.com\/ca\/wp-json\/wp\/v2\/posts\/4173\/revisions\/245674"}],"wp:featuredmedia":[{"embeddable":true,"href":"https:\/\/lagranpantallafestival.com\/ca\/wp-json\/wp\/v2\/media\/4171"}],"wp:attachment":[{"href":"https:\/\/lagranpantallafestival.com\/ca\/wp-json\/wp\/v2\/media?parent=4173"}],"wp:term":[{"taxonomy":"category","embeddable":true,"href":"https:\/\/lagranpantallafestival.com\/ca\/wp-json\/wp\/v2\/categories?post=4173"},{"taxonomy":"post_tag","embeddable":true,"href":"https:\/\/lagranpantallafestival.com\/ca\/wp-json\/wp\/v2\/tags?post=4173"}],"curies":[{"name":"wp","href":"https:\/\/api.w.org\/{rel}","templated":true}]}}