{"id":4109,"date":"2021-06-09T09:57:35","date_gmt":"2021-06-09T09:57:35","guid":{"rendered":"https:\/\/lagranpantallafestival.com\/?p=4109"},"modified":"2021-06-17T10:22:36","modified_gmt":"2021-06-17T10:22:36","slug":"la-tercera-edicio-de-la-gran-pantalla-ja-esta-en-marxa","status":"publish","type":"post","link":"https:\/\/lagranpantallafestival.com\/ca\/la-tercera-edicio-de-la-gran-pantalla-ja-esta-en-marxa\/","title":{"rendered":"La tercera edici\u00f3 de La GRAN pantalla ja est\u00e0 en marxa!"},"content":{"rendered":"\n[et_pb_section fb_built=&#8221;1&#8243; _builder_version=&#8221;4.4.2&#8243; custom_padding=&#8221;0px||0px|||&#8221;][et_pb_row _builder_version=&#8221;4.4.2&#8243;][et_pb_column type=&#8221;4_4&#8243; _builder_version=&#8221;4.4.2&#8243;][et_pb_text _builder_version=&#8221;4.4.2&#8243;]<p><span style=\"font-weight: 400;\">El <strong>Festival Internacional de Cinema de les Persones Grans de Barcelona<\/strong> aposta per omplir de nou les sales de cinema, per\u00f2 sense deixar de banda el format en l\u00ednia que tan bon acolliment va tenir l&#8217;any passat. Aix\u00ed, <strong>La GRAN pantalla<\/strong> celebrar\u00e0 la seva programaci\u00f3 simult\u00e0niament als <em>Cinemes Girona<\/em>, de l&#8217;1 al 4 de juliol, i a la plataforma de cinema en l\u00ednia <em>Filmin<\/em> de l&#8217;1 al 10 de juliol.<\/span><\/p>[\/et_pb_text][et_pb_video src=&#8221;https:\/\/youtu.be\/JT9By-aAtm4&#8243; _builder_version=&#8221;4.4.2&#8243; custom_padding=&#8221;|90px||90px||&#8221;][\/et_pb_video][et_pb_text _builder_version=&#8221;4.4.2&#8243;]<p><span style=\"font-weight: 400;\">Aquesta edici\u00f3 \u00e9s de celebraci\u00f3 i consolidaci\u00f3. De celebraci\u00f3 perqu\u00e8 \u00e9s una oportunitat per celebrar la vida, des de l&#8217;alegria d&#8217;haver pogut combatre una \u00e8poca molt complexa sense renunciar a l&#8217;esperan\u00e7a. Tamb\u00e9 celebrem la possibilitat de tornar a les sales de cinema. I de consolidaci\u00f3 pel fet que La GRAN pantalla \u00e9s un espai que es mant\u00e9 durant tres edicions i que t\u00e9 molt de cam\u00ed al davant.<\/span><\/p>\n<p><span style=\"font-weight: 400;\">\u00c9s una edici\u00f3 tamb\u00e9 per recon\u00e8ixer les dificultats que travessen les persones en aquesta etapa de la vida. Temes com la solitud no desitjada, el limitat acc\u00e9s a la tecnologia, l&#8217;alzheimer o l&#8217;eutan\u00e0sia s\u00f3n realitats complexes que volem tractar des de di\u00e0legs amb especialistes i la mateixa programaci\u00f3.<\/span><\/p>\n<p><span style=\"font-weight: 400;\">Un esdeveniment per gaudir del cinema, per\u00f2 tamb\u00e9 per plantejar problem\u00e0tiques complexes que requereixen, m\u00e9s que respostes f\u00e0cils, di\u00e0legs constants i fluids.<\/span><\/p>\n<p><span style=\"font-weight: 400;\">No desconeixem que les principals v\u00edctimes de la pand\u00e8mia han estat les persones grans i considerem que la millor manera de retre\u2019ls homenatge \u00e9s mantenir un projecte que treballa per i per a elles.<\/span><\/p>\n<p><span style=\"font-weight: 400;\">Podeu consultar tota la programaci\u00f3 a la nostra <\/span><span style=\"text-decoration: underline;\"><a href=\"https:\/\/lagranpantallafestival.com\/ca\/catala\/festival-2021\/\"><span style=\"font-weight: 400;\">p\u00e0gina web<\/span><\/a><span style=\"font-weight: 400;\">.<\/span><\/span><\/p>\n<p><strong>INFORMACI\u00d3:<\/strong><\/p>\n<p><span style=\"font-weight: 400;\">El festival \u00e9s gratu\u00eft, aconsegueix la teva <\/span><span style=\"text-decoration: underline;\"><a href=\"https:\/\/lagranpantallafestival.securesign.app\/\"><span style=\"font-weight: 400;\">entrada<\/span><\/a><\/span><span style=\"font-weight: 400;\"> o el teu codi de <\/span><span style=\"text-decoration: underline;\"><a href=\"https:\/\/comunicacion811322.typeform.com\/to\/pRMc2Ifx\"><span style=\"font-weight: 400;\">Filmin<\/span><\/a><span style=\"font-weight: 400;\">.<\/span><\/span><\/p>\n<p><span style=\"font-weight: 400;\">En els actes presencials, sempre es respectaran els aforaments m\u00e0xims que marqui la llei en el moment de celebrar-se el festival.<\/span><\/p>\n<p><span style=\"font-weight: 400;\">Quan i on?<\/span><span style=\"font-weight: 400;\"> De l\u20191\/7\/21 al 4\/7\/21 Cinemes Girona \/ De l\u20191\/7\/21 al 10\/7\/21 Filmin.<\/span><\/p>[\/et_pb_text][\/et_pb_column][\/et_pb_row][\/et_pb_section]\n","protected":false},"excerpt":{"rendered":"<p>El Festival Internacional de Cinema de les Persones Grans de Barcelona aposta per omplir de nou les sales de cinema, per\u00f2 sense deixar de banda el format en l\u00ednia que tan bon acolliment va tenir l&#8217;any passat. Aix\u00ed, La GRAN pantalla celebrar\u00e0 la seva programaci\u00f3 simult\u00e0niament als Cinemes Girona, de l&#8217;1 al 4 de juliol, [&hellip;]<\/p>\n","protected":false},"author":4,"featured_media":0,"comment_status":"open","ping_status":"open","sticky":false,"template":"","format":"standard","meta":{"_et_pb_use_builder":"on","_et_pb_old_content":"","_et_gb_content_width":"","cybocfi_hide_featured_image":"yes","footnotes":""},"categories":[113],"tags":[],"class_list":["post-4109","post","type-post","status-publish","format-standard","hentry","category-blog-ca"],"yoast_head":"<!-- This site is optimized with the Yoast SEO plugin v26.7 - https:\/\/yoast.com\/wordpress\/plugins\/seo\/ -->\n<title>La tercera edici\u00f3 de La GRAN pantalla ja est\u00e0 en marxa! &#183;<\/title>\n<meta name=\"description\" content=\"El Festival Internacional de Cine de las personas mayores La Gran Pantalla! es el primer espacio en Barcelona dedicado al encuentro cinematogr\u00e1fico intergeneracional. Proyectamos pel\u00edculas y cortometrajes que aborden nuevas miradas sobre el hecho de ser mayor. Nuestro objetivo es desmontar los estereotipos que existen en la sociedad y promover el envejecimiento activo, a trav\u00e9s de la reflexi\u00f3n y el debate que inspira el s\u00e9ptimo arte.\" \/>\n<meta name=\"robots\" content=\"index, follow, max-snippet:-1, max-image-preview:large, max-video-preview:-1\" \/>\n<link rel=\"canonical\" href=\"https:\/\/lagranpantallafestival.com\/ca\/la-tercera-edicio-de-la-gran-pantalla-ja-esta-en-marxa\/\" \/>\n<meta property=\"og:locale\" content=\"ca_ES\" \/>\n<meta property=\"og:type\" content=\"article\" \/>\n<meta property=\"og:title\" content=\"La tercera edici\u00f3 de La GRAN pantalla ja est\u00e0 en marxa! &#183;\" \/>\n<meta property=\"og:description\" content=\"El Festival Internacional de Cine de las personas mayores La Gran Pantalla! es el primer espacio en Barcelona dedicado al encuentro cinematogr\u00e1fico intergeneracional. Proyectamos pel\u00edculas y cortometrajes que aborden nuevas miradas sobre el hecho de ser mayor. Nuestro objetivo es desmontar los estereotipos que existen en la sociedad y promover el envejecimiento activo, a trav\u00e9s de la reflexi\u00f3n y el debate que inspira el s\u00e9ptimo arte.\" \/>\n<meta property=\"og:url\" content=\"https:\/\/lagranpantallafestival.com\/ca\/la-tercera-edicio-de-la-gran-pantalla-ja-esta-en-marxa\/\" \/>\n<meta property=\"og:site_name\" content=\"Festival Internacional de Cinema de les Persones Grans de Barcelona: La Gran Pantalla\" \/>\n<meta property=\"article:publisher\" content=\"https:\/\/www.facebook.com\/lagranpantallabcn\/\" \/>\n<meta property=\"article:published_time\" content=\"2021-06-09T09:57:35+00:00\" \/>\n<meta property=\"article:modified_time\" content=\"2021-06-17T10:22:36+00:00\" \/>\n<meta property=\"og:image\" content=\"https:\/\/lagranpantallafestival.com\/wp-content\/uploads\/2020\/05\/Sala-Gran-Pantalla-2019-1024x683.jpg\" \/>\n\t<meta property=\"og:image:width\" content=\"1024\" \/>\n\t<meta property=\"og:image:height\" content=\"683\" \/>\n\t<meta property=\"og:image:type\" content=\"image\/jpeg\" \/>\n<meta name=\"author\" content=\"administrador\" \/>\n<meta name=\"twitter:card\" content=\"summary_large_image\" \/>\n<meta name=\"twitter:creator\" content=\"@granpantallabcn\" \/>\n<meta name=\"twitter:site\" content=\"@granpantallabcn\" \/>\n<meta name=\"twitter:label1\" content=\"Escrit per\" \/>\n\t<meta name=\"twitter:data1\" content=\"administrador\" \/>\n\t<meta name=\"twitter:label2\" content=\"Temps estimat de lectura\" \/>\n\t<meta name=\"twitter:data2\" content=\"2 minuts\" \/>\n<script type=\"application\/ld+json\" class=\"yoast-schema-graph\">{\"@context\":\"https:\/\/schema.org\",\"@graph\":[{\"@type\":\"Article\",\"@id\":\"https:\/\/lagranpantallafestival.com\/ca\/la-tercera-edicio-de-la-gran-pantalla-ja-esta-en-marxa\/#article\",\"isPartOf\":{\"@id\":\"https:\/\/lagranpantallafestival.com\/ca\/la-tercera-edicio-de-la-gran-pantalla-ja-esta-en-marxa\/\"},\"author\":{\"name\":\"administrador\",\"@id\":\"https:\/\/lagranpantallafestival.com\/ca\/#\/schema\/person\/fb23dbc47b084429fadec5d8d4992db2\"},\"headline\":\"La tercera edici\u00f3 de La GRAN pantalla ja est\u00e0 en marxa!\",\"datePublished\":\"2021-06-09T09:57:35+00:00\",\"dateModified\":\"2021-06-17T10:22:36+00:00\",\"mainEntityOfPage\":{\"@id\":\"https:\/\/lagranpantallafestival.com\/ca\/la-tercera-edicio-de-la-gran-pantalla-ja-esta-en-marxa\/\"},\"wordCount\":393,\"commentCount\":0,\"publisher\":{\"@id\":\"https:\/\/lagranpantallafestival.com\/ca\/#organization\"},\"articleSection\":[\"NOTICIES\"],\"inLanguage\":\"ca\",\"potentialAction\":[{\"@type\":\"CommentAction\",\"name\":\"Comment\",\"target\":[\"https:\/\/lagranpantallafestival.com\/ca\/la-tercera-edicio-de-la-gran-pantalla-ja-esta-en-marxa\/#respond\"]}]},{\"@type\":\"WebPage\",\"@id\":\"https:\/\/lagranpantallafestival.com\/ca\/la-tercera-edicio-de-la-gran-pantalla-ja-esta-en-marxa\/\",\"url\":\"https:\/\/lagranpantallafestival.com\/ca\/la-tercera-edicio-de-la-gran-pantalla-ja-esta-en-marxa\/\",\"name\":\"La tercera edici\u00f3 de La GRAN pantalla ja est\u00e0 en marxa! &#183;\",\"isPartOf\":{\"@id\":\"https:\/\/lagranpantallafestival.com\/ca\/#website\"},\"datePublished\":\"2021-06-09T09:57:35+00:00\",\"dateModified\":\"2021-06-17T10:22:36+00:00\",\"description\":\"El Festival Internacional de Cine de las personas mayores La Gran Pantalla! es el primer espacio en Barcelona dedicado al encuentro cinematogr\u00e1fico intergeneracional. Proyectamos pel\u00edculas y cortometrajes que aborden nuevas miradas sobre el hecho de ser mayor. Nuestro objetivo es desmontar los estereotipos que existen en la sociedad y promover el envejecimiento activo, a trav\u00e9s de la reflexi\u00f3n y el debate que inspira el s\u00e9ptimo arte.\",\"breadcrumb\":{\"@id\":\"https:\/\/lagranpantallafestival.com\/ca\/la-tercera-edicio-de-la-gran-pantalla-ja-esta-en-marxa\/#breadcrumb\"},\"inLanguage\":\"ca\",\"potentialAction\":[{\"@type\":\"ReadAction\",\"target\":[\"https:\/\/lagranpantallafestival.com\/ca\/la-tercera-edicio-de-la-gran-pantalla-ja-esta-en-marxa\/\"]}]},{\"@type\":\"BreadcrumbList\",\"@id\":\"https:\/\/lagranpantallafestival.com\/ca\/la-tercera-edicio-de-la-gran-pantalla-ja-esta-en-marxa\/#breadcrumb\",\"itemListElement\":[{\"@type\":\"ListItem\",\"position\":1,\"name\":\"Portada\",\"item\":\"https:\/\/lagranpantallafestival.com\/ca\/\"},{\"@type\":\"ListItem\",\"position\":2,\"name\":\"La tercera edici\u00f3 de La GRAN pantalla ja est\u00e0 en marxa!\"}]},{\"@type\":\"WebSite\",\"@id\":\"https:\/\/lagranpantallafestival.com\/ca\/#website\",\"url\":\"https:\/\/lagranpantallafestival.com\/ca\/\",\"name\":\"Festival Internacional de Cinema de les Persones Grans de Barcelona: La Gran Pantalla\",\"description\":\"El Festival Internacional de Cine de las personas mayores La gran pantalla! es el primer espacio en Barcelona dedicado al encuentro cinematogr\u00e1fico intergeneracional. Proyectamos pel\u00edculas y cortometrajes que aborden nuevas miradas sobre el hecho de ser mayor. Nuestro objetivo es desmontar los estereotipos que existen en la sociedad y promover el envejecimiento activo, a trav\u00e9s de la reflexi\u00f3n y el debate que inspira el s\u00e9ptimo arte.\",\"publisher\":{\"@id\":\"https:\/\/lagranpantallafestival.com\/ca\/#organization\"},\"potentialAction\":[{\"@type\":\"SearchAction\",\"target\":{\"@type\":\"EntryPoint\",\"urlTemplate\":\"https:\/\/lagranpantallafestival.com\/ca\/?s={search_term_string}\"},\"query-input\":{\"@type\":\"PropertyValueSpecification\",\"valueRequired\":true,\"valueName\":\"search_term_string\"}}],\"inLanguage\":\"ca\"},{\"@type\":\"Organization\",\"@id\":\"https:\/\/lagranpantallafestival.com\/ca\/#organization\",\"name\":\"[wpseo_titles]company_nombre\",\"url\":\"https:\/\/lagranpantallafestival.com\/ca\/\",\"logo\":{\"@type\":\"ImageObject\",\"inLanguage\":\"ca\",\"@id\":\"https:\/\/lagranpantallafestival.com\/ca\/#\/schema\/logo\/image\/\",\"url\":\"https:\/\/i0.wp.com\/lagranpantallafestival.com\/wp-content\/uploads\/2020\/05\/Logo_web_LaGranPantalla.png?fit=901%2C301&ssl=1\",\"contentUrl\":\"https:\/\/i0.wp.com\/lagranpantallafestival.com\/wp-content\/uploads\/2020\/05\/Logo_web_LaGranPantalla.png?fit=901%2C301&ssl=1\",\"width\":901,\"height\":301,\"caption\":\"[wpseo_titles]company_nombre\"},\"image\":{\"@id\":\"https:\/\/lagranpantallafestival.com\/ca\/#\/schema\/logo\/image\/\"},\"sameAs\":[\"https:\/\/www.facebook.com\/lagranpantallabcn\/\",\"https:\/\/x.com\/granpantallabcn\",\"https:\/\/www.instagram.com\/lagranpantallabcn\/\",\"https:\/\/www.youtube.com\/user\/colectivoelparlante\"]},{\"@type\":\"Person\",\"@id\":\"https:\/\/lagranpantallafestival.com\/ca\/#\/schema\/person\/fb23dbc47b084429fadec5d8d4992db2\",\"name\":\"administrador\",\"image\":{\"@type\":\"ImageObject\",\"inLanguage\":\"ca\",\"@id\":\"https:\/\/lagranpantallafestival.com\/ca\/#\/schema\/person\/image\/\",\"url\":\"https:\/\/secure.gravatar.com\/avatar\/6b19ea97f9a93831a040dbfabbb274da739a63945af08dffef124a0605391f4c?s=96&d=mm&r=g\",\"contentUrl\":\"https:\/\/secure.gravatar.com\/avatar\/6b19ea97f9a93831a040dbfabbb274da739a63945af08dffef124a0605391f4c?s=96&d=mm&r=g\",\"caption\":\"administrador\"},\"url\":\"https:\/\/lagranpantallafestival.com\/ca\/author\/administrador\/\"}]}<\/script>\n<!-- \/ Yoast SEO plugin. -->","yoast_head_json":{"title":"La tercera edici\u00f3 de La GRAN pantalla ja est\u00e0 en marxa! &#183;","description":"El Festival Internacional de Cine de las personas mayores La Gran Pantalla! es el primer espacio en Barcelona dedicado al encuentro cinematogr\u00e1fico intergeneracional. Proyectamos pel\u00edculas y cortometrajes que aborden nuevas miradas sobre el hecho de ser mayor. Nuestro objetivo es desmontar los estereotipos que existen en la sociedad y promover el envejecimiento activo, a trav\u00e9s de la reflexi\u00f3n y el debate que inspira el s\u00e9ptimo arte.","robots":{"index":"index","follow":"follow","max-snippet":"max-snippet:-1","max-image-preview":"max-image-preview:large","max-video-preview":"max-video-preview:-1"},"canonical":"https:\/\/lagranpantallafestival.com\/ca\/la-tercera-edicio-de-la-gran-pantalla-ja-esta-en-marxa\/","og_locale":"ca_ES","og_type":"article","og_title":"La tercera edici\u00f3 de La GRAN pantalla ja est\u00e0 en marxa! &#183;","og_description":"El Festival Internacional de Cine de las personas mayores La Gran Pantalla! es el primer espacio en Barcelona dedicado al encuentro cinematogr\u00e1fico intergeneracional. Proyectamos pel\u00edculas y cortometrajes que aborden nuevas miradas sobre el hecho de ser mayor. Nuestro objetivo es desmontar los estereotipos que existen en la sociedad y promover el envejecimiento activo, a trav\u00e9s de la reflexi\u00f3n y el debate que inspira el s\u00e9ptimo arte.","og_url":"https:\/\/lagranpantallafestival.com\/ca\/la-tercera-edicio-de-la-gran-pantalla-ja-esta-en-marxa\/","og_site_name":"Festival Internacional de Cinema de les Persones Grans de Barcelona: La Gran Pantalla","article_publisher":"https:\/\/www.facebook.com\/lagranpantallabcn\/","article_published_time":"2021-06-09T09:57:35+00:00","article_modified_time":"2021-06-17T10:22:36+00:00","og_image":[{"width":1024,"height":683,"url":"https:\/\/lagranpantallafestival.com\/wp-content\/uploads\/2020\/05\/Sala-Gran-Pantalla-2019-1024x683.jpg","type":"image\/jpeg"}],"author":"administrador","twitter_card":"summary_large_image","twitter_creator":"@granpantallabcn","twitter_site":"@granpantallabcn","twitter_misc":{"Escrit per":"administrador","Temps estimat de lectura":"2 minuts"},"schema":{"@context":"https:\/\/schema.org","@graph":[{"@type":"Article","@id":"https:\/\/lagranpantallafestival.com\/ca\/la-tercera-edicio-de-la-gran-pantalla-ja-esta-en-marxa\/#article","isPartOf":{"@id":"https:\/\/lagranpantallafestival.com\/ca\/la-tercera-edicio-de-la-gran-pantalla-ja-esta-en-marxa\/"},"author":{"name":"administrador","@id":"https:\/\/lagranpantallafestival.com\/ca\/#\/schema\/person\/fb23dbc47b084429fadec5d8d4992db2"},"headline":"La tercera edici\u00f3 de La GRAN pantalla ja est\u00e0 en marxa!","datePublished":"2021-06-09T09:57:35+00:00","dateModified":"2021-06-17T10:22:36+00:00","mainEntityOfPage":{"@id":"https:\/\/lagranpantallafestival.com\/ca\/la-tercera-edicio-de-la-gran-pantalla-ja-esta-en-marxa\/"},"wordCount":393,"commentCount":0,"publisher":{"@id":"https:\/\/lagranpantallafestival.com\/ca\/#organization"},"articleSection":["NOTICIES"],"inLanguage":"ca","potentialAction":[{"@type":"CommentAction","name":"Comment","target":["https:\/\/lagranpantallafestival.com\/ca\/la-tercera-edicio-de-la-gran-pantalla-ja-esta-en-marxa\/#respond"]}]},{"@type":"WebPage","@id":"https:\/\/lagranpantallafestival.com\/ca\/la-tercera-edicio-de-la-gran-pantalla-ja-esta-en-marxa\/","url":"https:\/\/lagranpantallafestival.com\/ca\/la-tercera-edicio-de-la-gran-pantalla-ja-esta-en-marxa\/","name":"La tercera edici\u00f3 de La GRAN pantalla ja est\u00e0 en marxa! &#183;","isPartOf":{"@id":"https:\/\/lagranpantallafestival.com\/ca\/#website"},"datePublished":"2021-06-09T09:57:35+00:00","dateModified":"2021-06-17T10:22:36+00:00","description":"El Festival Internacional de Cine de las personas mayores La Gran Pantalla! es el primer espacio en Barcelona dedicado al encuentro cinematogr\u00e1fico intergeneracional. Proyectamos pel\u00edculas y cortometrajes que aborden nuevas miradas sobre el hecho de ser mayor. Nuestro objetivo es desmontar los estereotipos que existen en la sociedad y promover el envejecimiento activo, a trav\u00e9s de la reflexi\u00f3n y el debate que inspira el s\u00e9ptimo arte.","breadcrumb":{"@id":"https:\/\/lagranpantallafestival.com\/ca\/la-tercera-edicio-de-la-gran-pantalla-ja-esta-en-marxa\/#breadcrumb"},"inLanguage":"ca","potentialAction":[{"@type":"ReadAction","target":["https:\/\/lagranpantallafestival.com\/ca\/la-tercera-edicio-de-la-gran-pantalla-ja-esta-en-marxa\/"]}]},{"@type":"BreadcrumbList","@id":"https:\/\/lagranpantallafestival.com\/ca\/la-tercera-edicio-de-la-gran-pantalla-ja-esta-en-marxa\/#breadcrumb","itemListElement":[{"@type":"ListItem","position":1,"name":"Portada","item":"https:\/\/lagranpantallafestival.com\/ca\/"},{"@type":"ListItem","position":2,"name":"La tercera edici\u00f3 de La GRAN pantalla ja est\u00e0 en marxa!"}]},{"@type":"WebSite","@id":"https:\/\/lagranpantallafestival.com\/ca\/#website","url":"https:\/\/lagranpantallafestival.com\/ca\/","name":"Festival Internacional de Cinema de les Persones Grans de Barcelona: La Gran Pantalla","description":"El Festival Internacional de Cine de las personas mayores La gran pantalla! es el primer espacio en Barcelona dedicado al encuentro cinematogr\u00e1fico intergeneracional. Proyectamos pel\u00edculas y cortometrajes que aborden nuevas miradas sobre el hecho de ser mayor. Nuestro objetivo es desmontar los estereotipos que existen en la sociedad y promover el envejecimiento activo, a trav\u00e9s de la reflexi\u00f3n y el debate que inspira el s\u00e9ptimo arte.","publisher":{"@id":"https:\/\/lagranpantallafestival.com\/ca\/#organization"},"potentialAction":[{"@type":"SearchAction","target":{"@type":"EntryPoint","urlTemplate":"https:\/\/lagranpantallafestival.com\/ca\/?s={search_term_string}"},"query-input":{"@type":"PropertyValueSpecification","valueRequired":true,"valueName":"search_term_string"}}],"inLanguage":"ca"},{"@type":"Organization","@id":"https:\/\/lagranpantallafestival.com\/ca\/#organization","name":"[wpseo_titles]company_nombre","url":"https:\/\/lagranpantallafestival.com\/ca\/","logo":{"@type":"ImageObject","inLanguage":"ca","@id":"https:\/\/lagranpantallafestival.com\/ca\/#\/schema\/logo\/image\/","url":"https:\/\/i0.wp.com\/lagranpantallafestival.com\/wp-content\/uploads\/2020\/05\/Logo_web_LaGranPantalla.png?fit=901%2C301&ssl=1","contentUrl":"https:\/\/i0.wp.com\/lagranpantallafestival.com\/wp-content\/uploads\/2020\/05\/Logo_web_LaGranPantalla.png?fit=901%2C301&ssl=1","width":901,"height":301,"caption":"[wpseo_titles]company_nombre"},"image":{"@id":"https:\/\/lagranpantallafestival.com\/ca\/#\/schema\/logo\/image\/"},"sameAs":["https:\/\/www.facebook.com\/lagranpantallabcn\/","https:\/\/x.com\/granpantallabcn","https:\/\/www.instagram.com\/lagranpantallabcn\/","https:\/\/www.youtube.com\/user\/colectivoelparlante"]},{"@type":"Person","@id":"https:\/\/lagranpantallafestival.com\/ca\/#\/schema\/person\/fb23dbc47b084429fadec5d8d4992db2","name":"administrador","image":{"@type":"ImageObject","inLanguage":"ca","@id":"https:\/\/lagranpantallafestival.com\/ca\/#\/schema\/person\/image\/","url":"https:\/\/secure.gravatar.com\/avatar\/6b19ea97f9a93831a040dbfabbb274da739a63945af08dffef124a0605391f4c?s=96&d=mm&r=g","contentUrl":"https:\/\/secure.gravatar.com\/avatar\/6b19ea97f9a93831a040dbfabbb274da739a63945af08dffef124a0605391f4c?s=96&d=mm&r=g","caption":"administrador"},"url":"https:\/\/lagranpantallafestival.com\/ca\/author\/administrador\/"}]}},"_links":{"self":[{"href":"https:\/\/lagranpantallafestival.com\/ca\/wp-json\/wp\/v2\/posts\/4109","targetHints":{"allow":["GET"]}}],"collection":[{"href":"https:\/\/lagranpantallafestival.com\/ca\/wp-json\/wp\/v2\/posts"}],"about":[{"href":"https:\/\/lagranpantallafestival.com\/ca\/wp-json\/wp\/v2\/types\/post"}],"author":[{"embeddable":true,"href":"https:\/\/lagranpantallafestival.com\/ca\/wp-json\/wp\/v2\/users\/4"}],"replies":[{"embeddable":true,"href":"https:\/\/lagranpantallafestival.com\/ca\/wp-json\/wp\/v2\/comments?post=4109"}],"version-history":[{"count":8,"href":"https:\/\/lagranpantallafestival.com\/ca\/wp-json\/wp\/v2\/posts\/4109\/revisions"}],"predecessor-version":[{"id":4130,"href":"https:\/\/lagranpantallafestival.com\/ca\/wp-json\/wp\/v2\/posts\/4109\/revisions\/4130"}],"wp:attachment":[{"href":"https:\/\/lagranpantallafestival.com\/ca\/wp-json\/wp\/v2\/media?parent=4109"}],"wp:term":[{"taxonomy":"category","embeddable":true,"href":"https:\/\/lagranpantallafestival.com\/ca\/wp-json\/wp\/v2\/categories?post=4109"},{"taxonomy":"post_tag","embeddable":true,"href":"https:\/\/lagranpantallafestival.com\/ca\/wp-json\/wp\/v2\/tags?post=4109"}],"curies":[{"name":"wp","href":"https:\/\/api.w.org\/{rel}","templated":true}]}}