{"id":2778,"date":"2020-07-28T14:50:56","date_gmt":"2020-07-28T14:50:56","guid":{"rendered":"https:\/\/lagranpantallafestival.com\/?p=2778"},"modified":"2020-07-28T14:50:59","modified_gmt":"2020-07-28T14:50:59","slug":"que-es-ledatisme","status":"publish","type":"post","link":"https:\/\/lagranpantallafestival.com\/ca\/que-es-ledatisme\/","title":{"rendered":"QU\u00c8 \u00c9S L\u2019EDATISME?"},"content":{"rendered":"\n<p>El passat tres de juliol vam celebrar el primer Gran Debat del Festival Internacional de les Persones Grans de Barcelona. Sota el lema: \u2018Edatisme en temps de la Covid-19\u2019, les nostres convidades van parlar-nos, des de la seva experi\u00e8ncia professional, sobre el concepto de l\u2019edatisme, el seu reflexe a la cultura i als mitjans de comunicaci\u00f3, i sobre com ha afectat l\u2019edatisme a la crisis de la Covid-19, entre altres temes relacionats amb la discriminaci\u00f3 que pateixen les persones grans nom\u00e9s per la seva edat.&nbsp;<\/p>\n\n\n\n<p>Com a ponents, vam tenir el plaer de comptar amb la participaci\u00f3 d\u2019Amparo Huertas, directora de l\u2019Institut de la Comunicaci\u00f3, InCom-UAB; la Regina Mart\u00ednez, coordinadora de l\u2019Observatori de la Soledat, dels Amics de la Gent Gran; i la Irene Ramos Soler, coordinadora de l\u2019Observatori Majors i Mitjans de Comunicaci\u00f3, de la Universitat Permanent en la Universitat d\u2019Alacant. Va moderar la conversa entre aquestes tres professionals la nostra companya Laura Vila.<\/p>\n\n\n\n<p>L\u2019edatisme, un terme que prov\u00e9 dels anys 60, per\u00f2 que \u00e9s totalment present a l\u2019actualitat, \u00e9s el prejudici a les persones grans exclusivament per la seva edat. Tal com molt b\u00e9 ho van explicar les tres ponents, aquesta discriminaci\u00f3 est\u00e0 socialment constru\u00efda i reprodu\u00efda a tots els nivells de la societat, per\u00f2 \u00e9s particularment visible en els mitjans de comunicaci\u00f3 i en els missatges i imatges que projecten. Tamb\u00e9 est\u00e0 molt present en el llenguatge. De fet, un dels objectius del Festival, des dels seus inicis, ha sigut desmuntar aquests prejudicis sobre les persones grans que estan tan arrelats a la nostra quotidianitat.&nbsp;<\/p>\n\n\n\n<p>Tal com va apuntar l\u2019Irene Ramos, l\u2019edatisme \u00e9s un fet. \u201cLa majoria de les persones es deixen endur inconscientment pels estereotips sobre les persones grans i considero que iniciatives com la que esteu duent a terme amb La GRAN pantalla s\u00f3n les que poden modificar, poc a poc, aquestes conductes\u201d, afirma la coordinadora de l\u2019Observatori Majors i Mitjans de Comunicaci\u00f3.<\/p>\n\n\n\n<p>Segons la Regina Mart\u00ednez \u201csi ja era necessari transmetre noves imatges sobre les persones grans, amb tot el que ha succe\u00eft en els \u00faltims mesos, en la actualitat \u00e9s m\u00e9s urgent, fins i tot terap\u00e8utic i sanador, tenir imatges diverses de persones grans\u201d. Per la coordinadora de l\u2019Observatori de la Soledat, La GRAN pantalla aconsegueix difondre aquest discurs a un p\u00fablic nou. \u201cA m\u00e9s a m\u00e9s, crec que quan s\u2019expliquen hist\u00f2ries a trav\u00e9s del cinema, aquestes penetren m\u00e9s a fons en les representacions mentals que tenim\u201d, va concloure.&nbsp;<\/p>\n\n\n\n<p>Per la seva part, Amparo Huertas va explicar com a la cultura domina la idea de que el m\u00e9s important \u00e9s ser jove i mostrar-se jove, i que en aquesta representaci\u00f3 la vellesa queda marginada o, quan es mostra, es mostren unes persones hiperactives, capaces&nbsp; de fer qualsevol cosa. \u00c9s a dir, apareix la vellesa, per\u00f2 una vellesa adaptada a la idea de que all\u00f2 que t\u00e9 valor \u00e9s ser jove.&nbsp;&nbsp;<\/p>\n\n\n\n<p>Aquestes s\u00f3n tan sols unes idees que es van debatre en aquest interessant col\u00b7loqui. El podeu veure sencer en aquest <em><a href=\"https:\/\/lagranpantallafestival.com\/es\/espanol\/grandes-debates\/\">enlla\u00e7<\/a>.<\/em><\/p>\n\n\n\n<p>Els Grans Debats de La GRAN pantalla conformen una nova secci\u00f3 del festival, sorgida arrel d\u2019aquesta edici\u00f3 especial online i en la qual hem convidat a diferents ponents a debatre i ajudar a difondre temes fonamentals&nbsp; que formen part dels nostres objectius, com s\u00f3n la lluita contra els estereotips a les persones grans i la promoci\u00f3 de la vida activa despr\u00e9s dels 65 anys.<\/p>\n\n\n\n<figure class=\"wp-block-embed-youtube wp-block-embed is-type-video is-provider-youtube wp-embed-aspect-16-9 wp-has-aspect-ratio\"><div class=\"wp-block-embed__wrapper\">\n<iframe title=\"GRAN DEBAT: \u201cEDATISME EN TEMPS DE LA COVID-19\u201d \/ La GRAN pantalla\" width=\"1080\" height=\"608\" src=\"https:\/\/www.youtube.com\/embed\/fXAl12v060A?feature=oembed\" frameborder=\"0\" allow=\"accelerometer; autoplay; encrypted-media; gyroscope; picture-in-picture\" allowfullscreen><\/iframe>\n<\/div><\/figure>\n","protected":false},"excerpt":{"rendered":"<p>El passat tres de juliol vam celebrar el primer Gran Debat del Festival Internacional de les Persones Grans de Barcelona. Sota el lema: \u2018Edatisme en temps de la Covid-19\u2019, les nostres convidades van parlar-nos, des de la seva experi\u00e8ncia professional, sobre el concepto de l\u2019edatisme, el seu reflexe a la cultura i als mitjans de [&hellip;]<\/p>\n","protected":false},"author":4,"featured_media":0,"comment_status":"open","ping_status":"open","sticky":false,"template":"","format":"standard","meta":{"_et_pb_use_builder":"off","_et_pb_old_content":"","_et_gb_content_width":"","cybocfi_hide_featured_image":"yes","footnotes":""},"categories":[113],"tags":[],"class_list":["post-2778","post","type-post","status-publish","format-standard","hentry","category-blog-ca"],"yoast_head":"<!-- This site is optimized with the Yoast SEO plugin v26.7 - https:\/\/yoast.com\/wordpress\/plugins\/seo\/ -->\n<title>QU\u00c8 \u00c9S L\u2019EDATISME? &#183;<\/title>\n<meta name=\"description\" content=\"El Festival Internacional de Cine de las personas mayores La Gran Pantalla! es el primer espacio en Barcelona dedicado al encuentro cinematogr\u00e1fico intergeneracional. Proyectamos pel\u00edculas y cortometrajes que aborden nuevas miradas sobre el hecho de ser mayor. Nuestro objetivo es desmontar los estereotipos que existen en la sociedad y promover el envejecimiento activo, a trav\u00e9s de la reflexi\u00f3n y el debate que inspira el s\u00e9ptimo arte.\" \/>\n<meta name=\"robots\" content=\"index, follow, max-snippet:-1, max-image-preview:large, max-video-preview:-1\" \/>\n<link rel=\"canonical\" href=\"https:\/\/lagranpantallafestival.com\/ca\/que-es-ledatisme\/\" \/>\n<meta property=\"og:locale\" content=\"ca_ES\" \/>\n<meta property=\"og:type\" content=\"article\" \/>\n<meta property=\"og:title\" content=\"QU\u00c8 \u00c9S L\u2019EDATISME? &#183;\" \/>\n<meta property=\"og:description\" content=\"El Festival Internacional de Cine de las personas mayores La Gran Pantalla! es el primer espacio en Barcelona dedicado al encuentro cinematogr\u00e1fico intergeneracional. Proyectamos pel\u00edculas y cortometrajes que aborden nuevas miradas sobre el hecho de ser mayor. Nuestro objetivo es desmontar los estereotipos que existen en la sociedad y promover el envejecimiento activo, a trav\u00e9s de la reflexi\u00f3n y el debate que inspira el s\u00e9ptimo arte.\" \/>\n<meta property=\"og:url\" content=\"https:\/\/lagranpantallafestival.com\/ca\/que-es-ledatisme\/\" \/>\n<meta property=\"og:site_name\" content=\"Festival Internacional de Cinema de les Persones Grans de Barcelona: La Gran Pantalla\" \/>\n<meta property=\"article:publisher\" content=\"https:\/\/www.facebook.com\/lagranpantallabcn\/\" \/>\n<meta property=\"article:published_time\" content=\"2020-07-28T14:50:56+00:00\" \/>\n<meta property=\"article:modified_time\" content=\"2020-07-28T14:50:59+00:00\" \/>\n<meta property=\"og:image\" content=\"https:\/\/lagranpantallafestival.com\/wp-content\/uploads\/2020\/05\/Sala-Gran-Pantalla-2019-1024x683.jpg\" \/>\n\t<meta property=\"og:image:width\" content=\"1024\" \/>\n\t<meta property=\"og:image:height\" content=\"683\" \/>\n\t<meta property=\"og:image:type\" content=\"image\/jpeg\" \/>\n<meta name=\"author\" content=\"administrador\" \/>\n<meta name=\"twitter:card\" content=\"summary_large_image\" \/>\n<meta name=\"twitter:creator\" content=\"@granpantallabcn\" \/>\n<meta name=\"twitter:site\" content=\"@granpantallabcn\" \/>\n<meta name=\"twitter:label1\" content=\"Escrit per\" \/>\n\t<meta name=\"twitter:data1\" content=\"administrador\" \/>\n\t<meta name=\"twitter:label2\" content=\"Temps estimat de lectura\" \/>\n\t<meta name=\"twitter:data2\" content=\"3 minuts\" \/>\n<script type=\"application\/ld+json\" class=\"yoast-schema-graph\">{\"@context\":\"https:\/\/schema.org\",\"@graph\":[{\"@type\":\"Article\",\"@id\":\"https:\/\/lagranpantallafestival.com\/ca\/que-es-ledatisme\/#article\",\"isPartOf\":{\"@id\":\"https:\/\/lagranpantallafestival.com\/ca\/que-es-ledatisme\/\"},\"author\":{\"name\":\"administrador\",\"@id\":\"https:\/\/lagranpantallafestival.com\/ca\/#\/schema\/person\/fb23dbc47b084429fadec5d8d4992db2\"},\"headline\":\"QU\u00c8 \u00c9S L\u2019EDATISME?\",\"datePublished\":\"2020-07-28T14:50:56+00:00\",\"dateModified\":\"2020-07-28T14:50:59+00:00\",\"mainEntityOfPage\":{\"@id\":\"https:\/\/lagranpantallafestival.com\/ca\/que-es-ledatisme\/\"},\"wordCount\":616,\"commentCount\":0,\"publisher\":{\"@id\":\"https:\/\/lagranpantallafestival.com\/ca\/#organization\"},\"articleSection\":[\"NOTICIES\"],\"inLanguage\":\"ca\",\"potentialAction\":[{\"@type\":\"CommentAction\",\"name\":\"Comment\",\"target\":[\"https:\/\/lagranpantallafestival.com\/ca\/que-es-ledatisme\/#respond\"]}]},{\"@type\":\"WebPage\",\"@id\":\"https:\/\/lagranpantallafestival.com\/ca\/que-es-ledatisme\/\",\"url\":\"https:\/\/lagranpantallafestival.com\/ca\/que-es-ledatisme\/\",\"name\":\"QU\u00c8 \u00c9S L\u2019EDATISME? &#183;\",\"isPartOf\":{\"@id\":\"https:\/\/lagranpantallafestival.com\/ca\/#website\"},\"datePublished\":\"2020-07-28T14:50:56+00:00\",\"dateModified\":\"2020-07-28T14:50:59+00:00\",\"description\":\"El Festival Internacional de Cine de las personas mayores La Gran Pantalla! es el primer espacio en Barcelona dedicado al encuentro cinematogr\u00e1fico intergeneracional. Proyectamos pel\u00edculas y cortometrajes que aborden nuevas miradas sobre el hecho de ser mayor. Nuestro objetivo es desmontar los estereotipos que existen en la sociedad y promover el envejecimiento activo, a trav\u00e9s de la reflexi\u00f3n y el debate que inspira el s\u00e9ptimo arte.\",\"breadcrumb\":{\"@id\":\"https:\/\/lagranpantallafestival.com\/ca\/que-es-ledatisme\/#breadcrumb\"},\"inLanguage\":\"ca\",\"potentialAction\":[{\"@type\":\"ReadAction\",\"target\":[\"https:\/\/lagranpantallafestival.com\/ca\/que-es-ledatisme\/\"]}]},{\"@type\":\"BreadcrumbList\",\"@id\":\"https:\/\/lagranpantallafestival.com\/ca\/que-es-ledatisme\/#breadcrumb\",\"itemListElement\":[{\"@type\":\"ListItem\",\"position\":1,\"name\":\"Portada\",\"item\":\"https:\/\/lagranpantallafestival.com\/ca\/\"},{\"@type\":\"ListItem\",\"position\":2,\"name\":\"QU\u00c8 \u00c9S L\u2019EDATISME?\"}]},{\"@type\":\"WebSite\",\"@id\":\"https:\/\/lagranpantallafestival.com\/ca\/#website\",\"url\":\"https:\/\/lagranpantallafestival.com\/ca\/\",\"name\":\"Festival Internacional de Cinema de les Persones Grans de Barcelona: La Gran Pantalla\",\"description\":\"El Festival Internacional de Cine de las personas mayores La gran pantalla! es el primer espacio en Barcelona dedicado al encuentro cinematogr\u00e1fico intergeneracional. Proyectamos pel\u00edculas y cortometrajes que aborden nuevas miradas sobre el hecho de ser mayor. Nuestro objetivo es desmontar los estereotipos que existen en la sociedad y promover el envejecimiento activo, a trav\u00e9s de la reflexi\u00f3n y el debate que inspira el s\u00e9ptimo arte.\",\"publisher\":{\"@id\":\"https:\/\/lagranpantallafestival.com\/ca\/#organization\"},\"potentialAction\":[{\"@type\":\"SearchAction\",\"target\":{\"@type\":\"EntryPoint\",\"urlTemplate\":\"https:\/\/lagranpantallafestival.com\/ca\/?s={search_term_string}\"},\"query-input\":{\"@type\":\"PropertyValueSpecification\",\"valueRequired\":true,\"valueName\":\"search_term_string\"}}],\"inLanguage\":\"ca\"},{\"@type\":\"Organization\",\"@id\":\"https:\/\/lagranpantallafestival.com\/ca\/#organization\",\"name\":\"[wpseo_titles]company_nombre\",\"url\":\"https:\/\/lagranpantallafestival.com\/ca\/\",\"logo\":{\"@type\":\"ImageObject\",\"inLanguage\":\"ca\",\"@id\":\"https:\/\/lagranpantallafestival.com\/ca\/#\/schema\/logo\/image\/\",\"url\":\"https:\/\/i0.wp.com\/lagranpantallafestival.com\/wp-content\/uploads\/2020\/05\/Logo_web_LaGranPantalla.png?fit=901%2C301&ssl=1\",\"contentUrl\":\"https:\/\/i0.wp.com\/lagranpantallafestival.com\/wp-content\/uploads\/2020\/05\/Logo_web_LaGranPantalla.png?fit=901%2C301&ssl=1\",\"width\":901,\"height\":301,\"caption\":\"[wpseo_titles]company_nombre\"},\"image\":{\"@id\":\"https:\/\/lagranpantallafestival.com\/ca\/#\/schema\/logo\/image\/\"},\"sameAs\":[\"https:\/\/www.facebook.com\/lagranpantallabcn\/\",\"https:\/\/x.com\/granpantallabcn\",\"https:\/\/www.instagram.com\/lagranpantallabcn\/\",\"https:\/\/www.youtube.com\/user\/colectivoelparlante\"]},{\"@type\":\"Person\",\"@id\":\"https:\/\/lagranpantallafestival.com\/ca\/#\/schema\/person\/fb23dbc47b084429fadec5d8d4992db2\",\"name\":\"administrador\",\"image\":{\"@type\":\"ImageObject\",\"inLanguage\":\"ca\",\"@id\":\"https:\/\/lagranpantallafestival.com\/ca\/#\/schema\/person\/image\/\",\"url\":\"https:\/\/secure.gravatar.com\/avatar\/6b19ea97f9a93831a040dbfabbb274da739a63945af08dffef124a0605391f4c?s=96&d=mm&r=g\",\"contentUrl\":\"https:\/\/secure.gravatar.com\/avatar\/6b19ea97f9a93831a040dbfabbb274da739a63945af08dffef124a0605391f4c?s=96&d=mm&r=g\",\"caption\":\"administrador\"},\"url\":\"https:\/\/lagranpantallafestival.com\/ca\/author\/administrador\/\"}]}<\/script>\n<!-- \/ Yoast SEO plugin. -->","yoast_head_json":{"title":"QU\u00c8 \u00c9S L\u2019EDATISME? &#183;","description":"El Festival Internacional de Cine de las personas mayores La Gran Pantalla! es el primer espacio en Barcelona dedicado al encuentro cinematogr\u00e1fico intergeneracional. Proyectamos pel\u00edculas y cortometrajes que aborden nuevas miradas sobre el hecho de ser mayor. Nuestro objetivo es desmontar los estereotipos que existen en la sociedad y promover el envejecimiento activo, a trav\u00e9s de la reflexi\u00f3n y el debate que inspira el s\u00e9ptimo arte.","robots":{"index":"index","follow":"follow","max-snippet":"max-snippet:-1","max-image-preview":"max-image-preview:large","max-video-preview":"max-video-preview:-1"},"canonical":"https:\/\/lagranpantallafestival.com\/ca\/que-es-ledatisme\/","og_locale":"ca_ES","og_type":"article","og_title":"QU\u00c8 \u00c9S L\u2019EDATISME? &#183;","og_description":"El Festival Internacional de Cine de las personas mayores La Gran Pantalla! es el primer espacio en Barcelona dedicado al encuentro cinematogr\u00e1fico intergeneracional. Proyectamos pel\u00edculas y cortometrajes que aborden nuevas miradas sobre el hecho de ser mayor. Nuestro objetivo es desmontar los estereotipos que existen en la sociedad y promover el envejecimiento activo, a trav\u00e9s de la reflexi\u00f3n y el debate que inspira el s\u00e9ptimo arte.","og_url":"https:\/\/lagranpantallafestival.com\/ca\/que-es-ledatisme\/","og_site_name":"Festival Internacional de Cinema de les Persones Grans de Barcelona: La Gran Pantalla","article_publisher":"https:\/\/www.facebook.com\/lagranpantallabcn\/","article_published_time":"2020-07-28T14:50:56+00:00","article_modified_time":"2020-07-28T14:50:59+00:00","og_image":[{"width":1024,"height":683,"url":"https:\/\/lagranpantallafestival.com\/wp-content\/uploads\/2020\/05\/Sala-Gran-Pantalla-2019-1024x683.jpg","type":"image\/jpeg"}],"author":"administrador","twitter_card":"summary_large_image","twitter_creator":"@granpantallabcn","twitter_site":"@granpantallabcn","twitter_misc":{"Escrit per":"administrador","Temps estimat de lectura":"3 minuts"},"schema":{"@context":"https:\/\/schema.org","@graph":[{"@type":"Article","@id":"https:\/\/lagranpantallafestival.com\/ca\/que-es-ledatisme\/#article","isPartOf":{"@id":"https:\/\/lagranpantallafestival.com\/ca\/que-es-ledatisme\/"},"author":{"name":"administrador","@id":"https:\/\/lagranpantallafestival.com\/ca\/#\/schema\/person\/fb23dbc47b084429fadec5d8d4992db2"},"headline":"QU\u00c8 \u00c9S L\u2019EDATISME?","datePublished":"2020-07-28T14:50:56+00:00","dateModified":"2020-07-28T14:50:59+00:00","mainEntityOfPage":{"@id":"https:\/\/lagranpantallafestival.com\/ca\/que-es-ledatisme\/"},"wordCount":616,"commentCount":0,"publisher":{"@id":"https:\/\/lagranpantallafestival.com\/ca\/#organization"},"articleSection":["NOTICIES"],"inLanguage":"ca","potentialAction":[{"@type":"CommentAction","name":"Comment","target":["https:\/\/lagranpantallafestival.com\/ca\/que-es-ledatisme\/#respond"]}]},{"@type":"WebPage","@id":"https:\/\/lagranpantallafestival.com\/ca\/que-es-ledatisme\/","url":"https:\/\/lagranpantallafestival.com\/ca\/que-es-ledatisme\/","name":"QU\u00c8 \u00c9S L\u2019EDATISME? &#183;","isPartOf":{"@id":"https:\/\/lagranpantallafestival.com\/ca\/#website"},"datePublished":"2020-07-28T14:50:56+00:00","dateModified":"2020-07-28T14:50:59+00:00","description":"El Festival Internacional de Cine de las personas mayores La Gran Pantalla! es el primer espacio en Barcelona dedicado al encuentro cinematogr\u00e1fico intergeneracional. Proyectamos pel\u00edculas y cortometrajes que aborden nuevas miradas sobre el hecho de ser mayor. Nuestro objetivo es desmontar los estereotipos que existen en la sociedad y promover el envejecimiento activo, a trav\u00e9s de la reflexi\u00f3n y el debate que inspira el s\u00e9ptimo arte.","breadcrumb":{"@id":"https:\/\/lagranpantallafestival.com\/ca\/que-es-ledatisme\/#breadcrumb"},"inLanguage":"ca","potentialAction":[{"@type":"ReadAction","target":["https:\/\/lagranpantallafestival.com\/ca\/que-es-ledatisme\/"]}]},{"@type":"BreadcrumbList","@id":"https:\/\/lagranpantallafestival.com\/ca\/que-es-ledatisme\/#breadcrumb","itemListElement":[{"@type":"ListItem","position":1,"name":"Portada","item":"https:\/\/lagranpantallafestival.com\/ca\/"},{"@type":"ListItem","position":2,"name":"QU\u00c8 \u00c9S L\u2019EDATISME?"}]},{"@type":"WebSite","@id":"https:\/\/lagranpantallafestival.com\/ca\/#website","url":"https:\/\/lagranpantallafestival.com\/ca\/","name":"Festival Internacional de Cinema de les Persones Grans de Barcelona: La Gran Pantalla","description":"El Festival Internacional de Cine de las personas mayores La gran pantalla! es el primer espacio en Barcelona dedicado al encuentro cinematogr\u00e1fico intergeneracional. Proyectamos pel\u00edculas y cortometrajes que aborden nuevas miradas sobre el hecho de ser mayor. Nuestro objetivo es desmontar los estereotipos que existen en la sociedad y promover el envejecimiento activo, a trav\u00e9s de la reflexi\u00f3n y el debate que inspira el s\u00e9ptimo arte.","publisher":{"@id":"https:\/\/lagranpantallafestival.com\/ca\/#organization"},"potentialAction":[{"@type":"SearchAction","target":{"@type":"EntryPoint","urlTemplate":"https:\/\/lagranpantallafestival.com\/ca\/?s={search_term_string}"},"query-input":{"@type":"PropertyValueSpecification","valueRequired":true,"valueName":"search_term_string"}}],"inLanguage":"ca"},{"@type":"Organization","@id":"https:\/\/lagranpantallafestival.com\/ca\/#organization","name":"[wpseo_titles]company_nombre","url":"https:\/\/lagranpantallafestival.com\/ca\/","logo":{"@type":"ImageObject","inLanguage":"ca","@id":"https:\/\/lagranpantallafestival.com\/ca\/#\/schema\/logo\/image\/","url":"https:\/\/i0.wp.com\/lagranpantallafestival.com\/wp-content\/uploads\/2020\/05\/Logo_web_LaGranPantalla.png?fit=901%2C301&ssl=1","contentUrl":"https:\/\/i0.wp.com\/lagranpantallafestival.com\/wp-content\/uploads\/2020\/05\/Logo_web_LaGranPantalla.png?fit=901%2C301&ssl=1","width":901,"height":301,"caption":"[wpseo_titles]company_nombre"},"image":{"@id":"https:\/\/lagranpantallafestival.com\/ca\/#\/schema\/logo\/image\/"},"sameAs":["https:\/\/www.facebook.com\/lagranpantallabcn\/","https:\/\/x.com\/granpantallabcn","https:\/\/www.instagram.com\/lagranpantallabcn\/","https:\/\/www.youtube.com\/user\/colectivoelparlante"]},{"@type":"Person","@id":"https:\/\/lagranpantallafestival.com\/ca\/#\/schema\/person\/fb23dbc47b084429fadec5d8d4992db2","name":"administrador","image":{"@type":"ImageObject","inLanguage":"ca","@id":"https:\/\/lagranpantallafestival.com\/ca\/#\/schema\/person\/image\/","url":"https:\/\/secure.gravatar.com\/avatar\/6b19ea97f9a93831a040dbfabbb274da739a63945af08dffef124a0605391f4c?s=96&d=mm&r=g","contentUrl":"https:\/\/secure.gravatar.com\/avatar\/6b19ea97f9a93831a040dbfabbb274da739a63945af08dffef124a0605391f4c?s=96&d=mm&r=g","caption":"administrador"},"url":"https:\/\/lagranpantallafestival.com\/ca\/author\/administrador\/"}]}},"_links":{"self":[{"href":"https:\/\/lagranpantallafestival.com\/ca\/wp-json\/wp\/v2\/posts\/2778","targetHints":{"allow":["GET"]}}],"collection":[{"href":"https:\/\/lagranpantallafestival.com\/ca\/wp-json\/wp\/v2\/posts"}],"about":[{"href":"https:\/\/lagranpantallafestival.com\/ca\/wp-json\/wp\/v2\/types\/post"}],"author":[{"embeddable":true,"href":"https:\/\/lagranpantallafestival.com\/ca\/wp-json\/wp\/v2\/users\/4"}],"replies":[{"embeddable":true,"href":"https:\/\/lagranpantallafestival.com\/ca\/wp-json\/wp\/v2\/comments?post=2778"}],"version-history":[{"count":1,"href":"https:\/\/lagranpantallafestival.com\/ca\/wp-json\/wp\/v2\/posts\/2778\/revisions"}],"predecessor-version":[{"id":2779,"href":"https:\/\/lagranpantallafestival.com\/ca\/wp-json\/wp\/v2\/posts\/2778\/revisions\/2779"}],"wp:attachment":[{"href":"https:\/\/lagranpantallafestival.com\/ca\/wp-json\/wp\/v2\/media?parent=2778"}],"wp:term":[{"taxonomy":"category","embeddable":true,"href":"https:\/\/lagranpantallafestival.com\/ca\/wp-json\/wp\/v2\/categories?post=2778"},{"taxonomy":"post_tag","embeddable":true,"href":"https:\/\/lagranpantallafestival.com\/ca\/wp-json\/wp\/v2\/tags?post=2778"}],"curies":[{"name":"wp","href":"https:\/\/api.w.org\/{rel}","templated":true}]}}