{"id":2726,"date":"2020-07-20T13:58:49","date_gmt":"2020-07-20T13:58:49","guid":{"rendered":"https:\/\/lagranpantallafestival.com\/?p=2726"},"modified":"2020-07-20T14:22:06","modified_gmt":"2020-07-20T14:22:06","slug":"gracies-gracies-i-gracies","status":"publish","type":"post","link":"https:\/\/lagranpantallafestival.com\/ca\/gracies-gracies-i-gracies\/","title":{"rendered":"GR\u00c0CIES, GR\u00c0CIES I GR\u00c0CIES!"},"content":{"rendered":"\n<p>Gr\u00e0cies a totes les persones que heu col\u00b7laborat, participat i donat suport a aquesta segona edici\u00f3 de La GRAN Pantalla. Gr\u00e0cies perqu\u00e8 sense la vostra confian\u00e7a, no hagu\u00e9s estat possible. En aquesta ocasi\u00f3, el Festival Internacional de Cinema de les Persones Grans de Barcelona que, a causa de la crisi global relacionada amb la Covid-19, va apostar per una edici\u00f3 virtual i extraordin\u00e0ria, ha vist multiplicat quasi per cinc el nombre d\u2019espectadors pel que fa a l\u2019edici\u00f3 anterior. Al voltant de 10.000 persones han pogut gaudir d\u2019aquesta proposta que, un any m\u00e9s, s\u2019ha convertit en un espai de trobada intergeneracional que desmunta els prejudicis i estereotips sobre les persones grans.<\/p>\n\n\n\n<figure class=\"wp-block-embed-youtube wp-block-embed is-type-video is-provider-youtube wp-embed-aspect-16-9 wp-has-aspect-ratio\"><div class=\"wp-block-embed__wrapper\">\n<iframe title=\"EQUIPO\" width=\"1080\" height=\"608\" src=\"https:\/\/www.youtube.com\/embed\/wtkmLfOOF1M?feature=oembed\" frameborder=\"0\" allow=\"accelerometer; autoplay; encrypted-media; gyroscope; picture-in-picture\" allowfullscreen><\/iframe>\n<\/div><\/figure>\n\n\n\n<p>El festival va presentar una programaci\u00f3 adaptada a la nova situaci\u00f3, mantenint les seves seccions i activitats habituals en una edici\u00f3 que ha perm\u00e8s dur La GRAN pantalla a tot l\u2019estat i, d\u2019aquesta manera, ampliar el seu p\u00fablic i diversificar-lo. \u201cEl fet d\u2019exhibir el festival a Filmin ha perm\u00e8s que hagi arribat a molts llocs, tant de Catalunya com de la resta de l\u2019estat\u201d, ha afirmat Alfredo Cohen, director del festival. Segons Cohen, ha estat una edici\u00f3 que, malgrat les dificultats, ha obtingut un molt bon resultat. \u201cEstem molt contents amb aquesta segona edici\u00f3. No ha estat f\u00e0cil, per\u00f2 m\u2019agrada pensar que hem creat un projecte \u00fatil i que les persones grans, davant la gran pantalla, s\u2019han pogut sentir millor, m\u00e9s orgulloses de la seva experi\u00e8ncia, m\u00e9s poderoses, m\u00e9s segures d\u2019elles mateixes&#8230; i menys soles\u201d, explica.<\/p>\n\n\n\n<p>Pel que fa a les activitats paral\u00b7leles que ha presentat aquest any La GRAN pantalla, els <span style=\"text-decoration: underline;\"><a href=\"https:\/\/lagranpantallafestival.com\/ca\/catala\/grans-debats\/\">dos Grans debats<\/a><\/span> i els <span style=\"text-decoration: underline;\"><a href=\"https:\/\/lagranpantallafestival.com\/ca\/catala\/cineforums-parlagran\/\">tres Cinef\u00f2rums<\/a><\/span>, tamb\u00e9 han tingut una molt bona acollida. \u201cLes diferents activitats participatives que hem dut a terme dintre del marc del festival, les quals recullen les experi\u00e8ncies que <a href=\"https:\/\/elparlante.es\/ca\/\"><span style=\"text-decoration: underline;\">elParlante<\/span><\/a> va desenvolupar en el confinament, ens han perm\u00e8s confirmar que les noves tecnologies poden generar espais de trobada ben necessaris i que el cine pot ser un m\u00ednim com\u00fa m\u00faltiple perqu\u00e8 les persones s\u2019expressin i dialoguin sobre temes que els preocupen\u201d, conclou Cohen.<\/p>\n\n\n\n<p>La GRAN pantalla \u00e9s un festival que es pensa a llarg termini i que pret\u00e9n tornar el m\u00e9s aviat possible a llocs de trobada f\u00edsica, per\u00f2 la bona acollida del format online corrobora que se seguir\u00e0 utilitzant com a segona finestra del festival.<\/p>\n\n\n\n<p>\u201cAquesta segona edici\u00f3 ha estat un gran repte, ja que hem hagut de reaccionar amb molt poc temps per tal de reformular i adaptar el nostre festival. Amb tot, ha estat un gran aprenentatge\u201d, afirma Katherina Harder, directora art\u00edstica de La GRAN pantalla. \u201cAra que ja hem acabat, hem de reflexionar sobre com incorporar alguns dels valuosos elements que han sorgit arrel d\u2019aquest nou context\u201d, conclou.<\/p>\n\n\n\n<p><strong>AGRA\u00cfMENTS<\/strong><\/p>\n\n\n\n<p>La GRAN pantalla, una idea original de <a href=\"https:\/\/elparlante.es\/ca\/\">elParlante<\/a>, vol agrair el suport i la col\u00b7laboraci\u00f3 de l\u2019<span style=\"text-decoration: underline;\"><a href=\"https:\/\/ajuntament.barcelona.cat\/ca\/\">Ajuntament de Barcelona<\/a><\/span>, <span style=\"text-decoration: underline;\"><a href=\"https:\/\/www.filmin.es\/\">Filmin<\/a><\/span>, <span style=\"text-decoration: underline;\"><a href=\"https:\/\/www.acra.cat\/ca\/\">ACRA<\/a><\/span>, <span style=\"text-decoration: underline;\"><a href=\"https:\/\/amigosdelosmayores.org\/ca\">Amics de la Gent Gran<\/a><\/span>, <span style=\"text-decoration: underline;\"><a href=\"https:\/\/festhome.com\/\">Festhome<\/a><\/span>, <span style=\"text-decoration: underline;\"><a href=\"https:\/\/www.cinemesgirona.cat\/\">Cinemes Girona<\/a><\/span>, <span style=\"text-decoration: underline;\"><a href=\"http:\/\/fundacioenllac.cat\/\">Fundaci\u00f3 Enlla\u00e7<\/a><\/span>, <span style=\"text-decoration: underline;\"><a href=\"http:\/\/observatoriomayoresymedios.com\/\">Mayores y Medios de Comunicaci\u00f3n del Observatorio Permanente UPUA<\/a><\/span>, <span style=\"text-decoration: underline;\"><a href=\"http:\/\/inclus.cat\/ca\/\">Festival Incl\u00fas<\/a><\/span>, <span style=\"text-decoration: underline;\"><a href=\"https:\/\/elcomejen.com\/\">El Comej\u00e9n<\/a><\/span>, <span style=\"text-decoration: underline;\"><a href=\"https:\/\/www.transit.es\/?lang=ca\">Tr\u00e0nsit Projectes<\/a><\/span>, <span style=\"text-decoration: underline;\"><a href=\"https:\/\/www.fundacioroure.org\/\">Fundaci\u00f3 Roure<\/a><\/span>, <span style=\"text-decoration: underline;\"><a href=\"https:\/\/incom.uab.cat\/\">Incom UAB<\/a><\/span>, <span style=\"text-decoration: underline;\"><a href=\"https:\/\/updea.es\/\">Fundaci\u00f3 Updea<\/a><\/span>, <span style=\"text-decoration: underline;\"><a href=\"https:\/\/www.fundaciovellaterra.org\/\">Fundaci\u00f3 Vellaterra<\/a><\/span>, <span style=\"text-decoration: underline;\"><a href=\"http:\/\/caladona.org\/\">Caladona<\/a><\/span>, <span style=\"text-decoration: underline;\"><a href=\"https:\/\/cimamujerescineastas.es\/\">CIMA<\/a><\/span>, <span style=\"text-decoration: underline;\"><a href=\"https:\/\/donesvisuals.cat\/\">Dones Visuals<\/a><\/span>, <span style=\"text-decoration: underline;\"><a href=\"https:\/\/beteve.cat\/\">Betev\u00e9<\/a><\/span>, <a href=\"https:\/\/www.qmayor.com\/\"><span style=\"text-decoration: underline;\">Qmayor<\/span> <\/a>i <span style=\"text-decoration: underline;\"><a href=\"https:\/\/elcinefil.cat\/\">El Cin\u00e8fil<\/a><\/span>. Tamb\u00e9 a totes aquelles persones que han participat en aquesta edici\u00f3 i que han donat suport al projecte, als tres membres del jurat: Marta Selva Masoliver, Javier Mu\u00f1iz Briongos i Marta Figueras, i un agra\u00efment especial a Montse Majench, per la seva ajuda sempre.<\/p>\n","protected":false},"excerpt":{"rendered":"<p>Gr\u00e0cies a totes les persones que heu col\u00b7laborat, participat i donat suport a aquesta segona edici\u00f3 de La GRAN Pantalla. <\/p>\n","protected":false},"author":4,"featured_media":2729,"comment_status":"open","ping_status":"open","sticky":false,"template":"","format":"standard","meta":{"_et_pb_use_builder":"off","_et_pb_old_content":"","_et_gb_content_width":"","cybocfi_hide_featured_image":"yes","footnotes":""},"categories":[113],"tags":[78,73,76,81],"class_list":["post-2726","post","type-post","status-publish","format-standard","has-post-thumbnail","hentry","category-blog-ca","tag-barcelona","tag-elparlante","tag-festival-de-cine-la-gran-pantalla","tag-la-gran-pantalla-festival"],"yoast_head":"<!-- This site is optimized with the Yoast SEO plugin v26.7 - https:\/\/yoast.com\/wordpress\/plugins\/seo\/ -->\n<title>GR\u00c0CIES, GR\u00c0CIES I GR\u00c0CIES! &#183;<\/title>\n<meta name=\"description\" content=\"El Festival Internacional de Cine de las personas mayores La Gran Pantalla! es el primer espacio en Barcelona dedicado al encuentro cinematogr\u00e1fico intergeneracional. Proyectamos pel\u00edculas y cortometrajes que aborden nuevas miradas sobre el hecho de ser mayor. Nuestro objetivo es desmontar los estereotipos que existen en la sociedad y promover el envejecimiento activo, a trav\u00e9s de la reflexi\u00f3n y el debate que inspira el s\u00e9ptimo arte.\" \/>\n<meta name=\"robots\" content=\"index, follow, max-snippet:-1, max-image-preview:large, max-video-preview:-1\" \/>\n<link rel=\"canonical\" href=\"https:\/\/lagranpantallafestival.com\/ca\/gracies-gracies-i-gracies\/\" \/>\n<meta property=\"og:locale\" content=\"ca_ES\" \/>\n<meta property=\"og:type\" content=\"article\" \/>\n<meta property=\"og:title\" content=\"GR\u00c0CIES, GR\u00c0CIES I GR\u00c0CIES! &#183;\" \/>\n<meta property=\"og:description\" content=\"El Festival Internacional de Cine de las personas mayores La Gran Pantalla! es el primer espacio en Barcelona dedicado al encuentro cinematogr\u00e1fico intergeneracional. Proyectamos pel\u00edculas y cortometrajes que aborden nuevas miradas sobre el hecho de ser mayor. Nuestro objetivo es desmontar los estereotipos que existen en la sociedad y promover el envejecimiento activo, a trav\u00e9s de la reflexi\u00f3n y el debate que inspira el s\u00e9ptimo arte.\" \/>\n<meta property=\"og:url\" content=\"https:\/\/lagranpantallafestival.com\/ca\/gracies-gracies-i-gracies\/\" \/>\n<meta property=\"og:site_name\" content=\"Festival Internacional de Cinema de les Persones Grans de Barcelona: La Gran Pantalla\" \/>\n<meta property=\"article:publisher\" content=\"https:\/\/www.facebook.com\/lagranpantallabcn\/\" \/>\n<meta property=\"article:published_time\" content=\"2020-07-20T13:58:49+00:00\" \/>\n<meta property=\"article:modified_time\" content=\"2020-07-20T14:22:06+00:00\" \/>\n<meta property=\"og:image\" content=\"https:\/\/lagranpantallafestival.com\/wp-content\/uploads\/2020\/07\/post-1024x640.png\" \/>\n\t<meta property=\"og:image:width\" content=\"1024\" \/>\n\t<meta property=\"og:image:height\" content=\"640\" \/>\n\t<meta property=\"og:image:type\" content=\"image\/png\" \/>\n<meta name=\"author\" content=\"administrador\" \/>\n<meta name=\"twitter:card\" content=\"summary_large_image\" \/>\n<meta name=\"twitter:creator\" content=\"@granpantallabcn\" \/>\n<meta name=\"twitter:site\" content=\"@granpantallabcn\" \/>\n<meta name=\"twitter:label1\" content=\"Escrit per\" \/>\n\t<meta name=\"twitter:data1\" content=\"administrador\" \/>\n\t<meta name=\"twitter:label2\" content=\"Temps estimat de lectura\" \/>\n\t<meta name=\"twitter:data2\" content=\"3 minuts\" \/>\n<script type=\"application\/ld+json\" class=\"yoast-schema-graph\">{\"@context\":\"https:\/\/schema.org\",\"@graph\":[{\"@type\":\"Article\",\"@id\":\"https:\/\/lagranpantallafestival.com\/ca\/gracies-gracies-i-gracies\/#article\",\"isPartOf\":{\"@id\":\"https:\/\/lagranpantallafestival.com\/ca\/gracies-gracies-i-gracies\/\"},\"author\":{\"name\":\"administrador\",\"@id\":\"https:\/\/lagranpantallafestival.com\/ca\/#\/schema\/person\/fb23dbc47b084429fadec5d8d4992db2\"},\"headline\":\"GR\u00c0CIES, GR\u00c0CIES I GR\u00c0CIES!\",\"datePublished\":\"2020-07-20T13:58:49+00:00\",\"dateModified\":\"2020-07-20T14:22:06+00:00\",\"mainEntityOfPage\":{\"@id\":\"https:\/\/lagranpantallafestival.com\/ca\/gracies-gracies-i-gracies\/\"},\"wordCount\":623,\"commentCount\":0,\"publisher\":{\"@id\":\"https:\/\/lagranpantallafestival.com\/ca\/#organization\"},\"image\":{\"@id\":\"https:\/\/lagranpantallafestival.com\/ca\/gracies-gracies-i-gracies\/#primaryimage\"},\"thumbnailUrl\":\"https:\/\/lagranpantallafestival.com\/wp-content\/uploads\/2020\/07\/post.png\",\"keywords\":[\"barcelona\",\"elparlante\",\"Festival de cine La Gran Pantalla\",\"la gran pantalla festival\"],\"articleSection\":[\"NOTICIES\"],\"inLanguage\":\"ca\",\"potentialAction\":[{\"@type\":\"CommentAction\",\"name\":\"Comment\",\"target\":[\"https:\/\/lagranpantallafestival.com\/ca\/gracies-gracies-i-gracies\/#respond\"]}]},{\"@type\":\"WebPage\",\"@id\":\"https:\/\/lagranpantallafestival.com\/ca\/gracies-gracies-i-gracies\/\",\"url\":\"https:\/\/lagranpantallafestival.com\/ca\/gracies-gracies-i-gracies\/\",\"name\":\"GR\u00c0CIES, GR\u00c0CIES I GR\u00c0CIES! &#183;\",\"isPartOf\":{\"@id\":\"https:\/\/lagranpantallafestival.com\/ca\/#website\"},\"primaryImageOfPage\":{\"@id\":\"https:\/\/lagranpantallafestival.com\/ca\/gracies-gracies-i-gracies\/#primaryimage\"},\"image\":{\"@id\":\"https:\/\/lagranpantallafestival.com\/ca\/gracies-gracies-i-gracies\/#primaryimage\"},\"thumbnailUrl\":\"https:\/\/lagranpantallafestival.com\/wp-content\/uploads\/2020\/07\/post.png\",\"datePublished\":\"2020-07-20T13:58:49+00:00\",\"dateModified\":\"2020-07-20T14:22:06+00:00\",\"description\":\"El Festival Internacional de Cine de las personas mayores La Gran Pantalla! es el primer espacio en Barcelona dedicado al encuentro cinematogr\u00e1fico intergeneracional. Proyectamos pel\u00edculas y cortometrajes que aborden nuevas miradas sobre el hecho de ser mayor. Nuestro objetivo es desmontar los estereotipos que existen en la sociedad y promover el envejecimiento activo, a trav\u00e9s de la reflexi\u00f3n y el debate que inspira el s\u00e9ptimo arte.\",\"breadcrumb\":{\"@id\":\"https:\/\/lagranpantallafestival.com\/ca\/gracies-gracies-i-gracies\/#breadcrumb\"},\"inLanguage\":\"ca\",\"potentialAction\":[{\"@type\":\"ReadAction\",\"target\":[\"https:\/\/lagranpantallafestival.com\/ca\/gracies-gracies-i-gracies\/\"]}]},{\"@type\":\"BreadcrumbList\",\"@id\":\"https:\/\/lagranpantallafestival.com\/ca\/gracies-gracies-i-gracies\/#breadcrumb\",\"itemListElement\":[{\"@type\":\"ListItem\",\"position\":1,\"name\":\"Portada\",\"item\":\"https:\/\/lagranpantallafestival.com\/ca\/\"},{\"@type\":\"ListItem\",\"position\":2,\"name\":\"GR\u00c0CIES, GR\u00c0CIES I GR\u00c0CIES!\"}]},{\"@type\":\"WebSite\",\"@id\":\"https:\/\/lagranpantallafestival.com\/ca\/#website\",\"url\":\"https:\/\/lagranpantallafestival.com\/ca\/\",\"name\":\"Festival Internacional de Cinema de les Persones Grans de Barcelona: La Gran Pantalla\",\"description\":\"El Festival Internacional de Cine de las personas mayores La gran pantalla! es el primer espacio en Barcelona dedicado al encuentro cinematogr\u00e1fico intergeneracional. Proyectamos pel\u00edculas y cortometrajes que aborden nuevas miradas sobre el hecho de ser mayor. Nuestro objetivo es desmontar los estereotipos que existen en la sociedad y promover el envejecimiento activo, a trav\u00e9s de la reflexi\u00f3n y el debate que inspira el s\u00e9ptimo arte.\",\"publisher\":{\"@id\":\"https:\/\/lagranpantallafestival.com\/ca\/#organization\"},\"potentialAction\":[{\"@type\":\"SearchAction\",\"target\":{\"@type\":\"EntryPoint\",\"urlTemplate\":\"https:\/\/lagranpantallafestival.com\/ca\/?s={search_term_string}\"},\"query-input\":{\"@type\":\"PropertyValueSpecification\",\"valueRequired\":true,\"valueName\":\"search_term_string\"}}],\"inLanguage\":\"ca\"},{\"@type\":\"Organization\",\"@id\":\"https:\/\/lagranpantallafestival.com\/ca\/#organization\",\"name\":\"[wpseo_titles]company_nombre\",\"url\":\"https:\/\/lagranpantallafestival.com\/ca\/\",\"logo\":{\"@type\":\"ImageObject\",\"inLanguage\":\"ca\",\"@id\":\"https:\/\/lagranpantallafestival.com\/ca\/#\/schema\/logo\/image\/\",\"url\":\"https:\/\/i0.wp.com\/lagranpantallafestival.com\/wp-content\/uploads\/2020\/05\/Logo_web_LaGranPantalla.png?fit=901%2C301&ssl=1\",\"contentUrl\":\"https:\/\/i0.wp.com\/lagranpantallafestival.com\/wp-content\/uploads\/2020\/05\/Logo_web_LaGranPantalla.png?fit=901%2C301&ssl=1\",\"width\":901,\"height\":301,\"caption\":\"[wpseo_titles]company_nombre\"},\"image\":{\"@id\":\"https:\/\/lagranpantallafestival.com\/ca\/#\/schema\/logo\/image\/\"},\"sameAs\":[\"https:\/\/www.facebook.com\/lagranpantallabcn\/\",\"https:\/\/x.com\/granpantallabcn\",\"https:\/\/www.instagram.com\/lagranpantallabcn\/\",\"https:\/\/www.youtube.com\/user\/colectivoelparlante\"]},{\"@type\":\"Person\",\"@id\":\"https:\/\/lagranpantallafestival.com\/ca\/#\/schema\/person\/fb23dbc47b084429fadec5d8d4992db2\",\"name\":\"administrador\",\"image\":{\"@type\":\"ImageObject\",\"inLanguage\":\"ca\",\"@id\":\"https:\/\/lagranpantallafestival.com\/ca\/#\/schema\/person\/image\/\",\"url\":\"https:\/\/secure.gravatar.com\/avatar\/6b19ea97f9a93831a040dbfabbb274da739a63945af08dffef124a0605391f4c?s=96&d=mm&r=g\",\"contentUrl\":\"https:\/\/secure.gravatar.com\/avatar\/6b19ea97f9a93831a040dbfabbb274da739a63945af08dffef124a0605391f4c?s=96&d=mm&r=g\",\"caption\":\"administrador\"},\"url\":\"https:\/\/lagranpantallafestival.com\/ca\/author\/administrador\/\"}]}<\/script>\n<!-- \/ Yoast SEO plugin. -->","yoast_head_json":{"title":"GR\u00c0CIES, GR\u00c0CIES I GR\u00c0CIES! &#183;","description":"El Festival Internacional de Cine de las personas mayores La Gran Pantalla! es el primer espacio en Barcelona dedicado al encuentro cinematogr\u00e1fico intergeneracional. Proyectamos pel\u00edculas y cortometrajes que aborden nuevas miradas sobre el hecho de ser mayor. Nuestro objetivo es desmontar los estereotipos que existen en la sociedad y promover el envejecimiento activo, a trav\u00e9s de la reflexi\u00f3n y el debate que inspira el s\u00e9ptimo arte.","robots":{"index":"index","follow":"follow","max-snippet":"max-snippet:-1","max-image-preview":"max-image-preview:large","max-video-preview":"max-video-preview:-1"},"canonical":"https:\/\/lagranpantallafestival.com\/ca\/gracies-gracies-i-gracies\/","og_locale":"ca_ES","og_type":"article","og_title":"GR\u00c0CIES, GR\u00c0CIES I GR\u00c0CIES! &#183;","og_description":"El Festival Internacional de Cine de las personas mayores La Gran Pantalla! es el primer espacio en Barcelona dedicado al encuentro cinematogr\u00e1fico intergeneracional. Proyectamos pel\u00edculas y cortometrajes que aborden nuevas miradas sobre el hecho de ser mayor. Nuestro objetivo es desmontar los estereotipos que existen en la sociedad y promover el envejecimiento activo, a trav\u00e9s de la reflexi\u00f3n y el debate que inspira el s\u00e9ptimo arte.","og_url":"https:\/\/lagranpantallafestival.com\/ca\/gracies-gracies-i-gracies\/","og_site_name":"Festival Internacional de Cinema de les Persones Grans de Barcelona: La Gran Pantalla","article_publisher":"https:\/\/www.facebook.com\/lagranpantallabcn\/","article_published_time":"2020-07-20T13:58:49+00:00","article_modified_time":"2020-07-20T14:22:06+00:00","og_image":[{"width":1024,"height":640,"url":"https:\/\/lagranpantallafestival.com\/wp-content\/uploads\/2020\/07\/post-1024x640.png","type":"image\/png"}],"author":"administrador","twitter_card":"summary_large_image","twitter_creator":"@granpantallabcn","twitter_site":"@granpantallabcn","twitter_misc":{"Escrit per":"administrador","Temps estimat de lectura":"3 minuts"},"schema":{"@context":"https:\/\/schema.org","@graph":[{"@type":"Article","@id":"https:\/\/lagranpantallafestival.com\/ca\/gracies-gracies-i-gracies\/#article","isPartOf":{"@id":"https:\/\/lagranpantallafestival.com\/ca\/gracies-gracies-i-gracies\/"},"author":{"name":"administrador","@id":"https:\/\/lagranpantallafestival.com\/ca\/#\/schema\/person\/fb23dbc47b084429fadec5d8d4992db2"},"headline":"GR\u00c0CIES, GR\u00c0CIES I GR\u00c0CIES!","datePublished":"2020-07-20T13:58:49+00:00","dateModified":"2020-07-20T14:22:06+00:00","mainEntityOfPage":{"@id":"https:\/\/lagranpantallafestival.com\/ca\/gracies-gracies-i-gracies\/"},"wordCount":623,"commentCount":0,"publisher":{"@id":"https:\/\/lagranpantallafestival.com\/ca\/#organization"},"image":{"@id":"https:\/\/lagranpantallafestival.com\/ca\/gracies-gracies-i-gracies\/#primaryimage"},"thumbnailUrl":"https:\/\/lagranpantallafestival.com\/wp-content\/uploads\/2020\/07\/post.png","keywords":["barcelona","elparlante","Festival de cine La Gran Pantalla","la gran pantalla festival"],"articleSection":["NOTICIES"],"inLanguage":"ca","potentialAction":[{"@type":"CommentAction","name":"Comment","target":["https:\/\/lagranpantallafestival.com\/ca\/gracies-gracies-i-gracies\/#respond"]}]},{"@type":"WebPage","@id":"https:\/\/lagranpantallafestival.com\/ca\/gracies-gracies-i-gracies\/","url":"https:\/\/lagranpantallafestival.com\/ca\/gracies-gracies-i-gracies\/","name":"GR\u00c0CIES, GR\u00c0CIES I GR\u00c0CIES! &#183;","isPartOf":{"@id":"https:\/\/lagranpantallafestival.com\/ca\/#website"},"primaryImageOfPage":{"@id":"https:\/\/lagranpantallafestival.com\/ca\/gracies-gracies-i-gracies\/#primaryimage"},"image":{"@id":"https:\/\/lagranpantallafestival.com\/ca\/gracies-gracies-i-gracies\/#primaryimage"},"thumbnailUrl":"https:\/\/lagranpantallafestival.com\/wp-content\/uploads\/2020\/07\/post.png","datePublished":"2020-07-20T13:58:49+00:00","dateModified":"2020-07-20T14:22:06+00:00","description":"El Festival Internacional de Cine de las personas mayores La Gran Pantalla! es el primer espacio en Barcelona dedicado al encuentro cinematogr\u00e1fico intergeneracional. Proyectamos pel\u00edculas y cortometrajes que aborden nuevas miradas sobre el hecho de ser mayor. Nuestro objetivo es desmontar los estereotipos que existen en la sociedad y promover el envejecimiento activo, a trav\u00e9s de la reflexi\u00f3n y el debate que inspira el s\u00e9ptimo arte.","breadcrumb":{"@id":"https:\/\/lagranpantallafestival.com\/ca\/gracies-gracies-i-gracies\/#breadcrumb"},"inLanguage":"ca","potentialAction":[{"@type":"ReadAction","target":["https:\/\/lagranpantallafestival.com\/ca\/gracies-gracies-i-gracies\/"]}]},{"@type":"BreadcrumbList","@id":"https:\/\/lagranpantallafestival.com\/ca\/gracies-gracies-i-gracies\/#breadcrumb","itemListElement":[{"@type":"ListItem","position":1,"name":"Portada","item":"https:\/\/lagranpantallafestival.com\/ca\/"},{"@type":"ListItem","position":2,"name":"GR\u00c0CIES, GR\u00c0CIES I GR\u00c0CIES!"}]},{"@type":"WebSite","@id":"https:\/\/lagranpantallafestival.com\/ca\/#website","url":"https:\/\/lagranpantallafestival.com\/ca\/","name":"Festival Internacional de Cinema de les Persones Grans de Barcelona: La Gran Pantalla","description":"El Festival Internacional de Cine de las personas mayores La gran pantalla! es el primer espacio en Barcelona dedicado al encuentro cinematogr\u00e1fico intergeneracional. Proyectamos pel\u00edculas y cortometrajes que aborden nuevas miradas sobre el hecho de ser mayor. Nuestro objetivo es desmontar los estereotipos que existen en la sociedad y promover el envejecimiento activo, a trav\u00e9s de la reflexi\u00f3n y el debate que inspira el s\u00e9ptimo arte.","publisher":{"@id":"https:\/\/lagranpantallafestival.com\/ca\/#organization"},"potentialAction":[{"@type":"SearchAction","target":{"@type":"EntryPoint","urlTemplate":"https:\/\/lagranpantallafestival.com\/ca\/?s={search_term_string}"},"query-input":{"@type":"PropertyValueSpecification","valueRequired":true,"valueName":"search_term_string"}}],"inLanguage":"ca"},{"@type":"Organization","@id":"https:\/\/lagranpantallafestival.com\/ca\/#organization","name":"[wpseo_titles]company_nombre","url":"https:\/\/lagranpantallafestival.com\/ca\/","logo":{"@type":"ImageObject","inLanguage":"ca","@id":"https:\/\/lagranpantallafestival.com\/ca\/#\/schema\/logo\/image\/","url":"https:\/\/i0.wp.com\/lagranpantallafestival.com\/wp-content\/uploads\/2020\/05\/Logo_web_LaGranPantalla.png?fit=901%2C301&ssl=1","contentUrl":"https:\/\/i0.wp.com\/lagranpantallafestival.com\/wp-content\/uploads\/2020\/05\/Logo_web_LaGranPantalla.png?fit=901%2C301&ssl=1","width":901,"height":301,"caption":"[wpseo_titles]company_nombre"},"image":{"@id":"https:\/\/lagranpantallafestival.com\/ca\/#\/schema\/logo\/image\/"},"sameAs":["https:\/\/www.facebook.com\/lagranpantallabcn\/","https:\/\/x.com\/granpantallabcn","https:\/\/www.instagram.com\/lagranpantallabcn\/","https:\/\/www.youtube.com\/user\/colectivoelparlante"]},{"@type":"Person","@id":"https:\/\/lagranpantallafestival.com\/ca\/#\/schema\/person\/fb23dbc47b084429fadec5d8d4992db2","name":"administrador","image":{"@type":"ImageObject","inLanguage":"ca","@id":"https:\/\/lagranpantallafestival.com\/ca\/#\/schema\/person\/image\/","url":"https:\/\/secure.gravatar.com\/avatar\/6b19ea97f9a93831a040dbfabbb274da739a63945af08dffef124a0605391f4c?s=96&d=mm&r=g","contentUrl":"https:\/\/secure.gravatar.com\/avatar\/6b19ea97f9a93831a040dbfabbb274da739a63945af08dffef124a0605391f4c?s=96&d=mm&r=g","caption":"administrador"},"url":"https:\/\/lagranpantallafestival.com\/ca\/author\/administrador\/"}]}},"_links":{"self":[{"href":"https:\/\/lagranpantallafestival.com\/ca\/wp-json\/wp\/v2\/posts\/2726","targetHints":{"allow":["GET"]}}],"collection":[{"href":"https:\/\/lagranpantallafestival.com\/ca\/wp-json\/wp\/v2\/posts"}],"about":[{"href":"https:\/\/lagranpantallafestival.com\/ca\/wp-json\/wp\/v2\/types\/post"}],"author":[{"embeddable":true,"href":"https:\/\/lagranpantallafestival.com\/ca\/wp-json\/wp\/v2\/users\/4"}],"replies":[{"embeddable":true,"href":"https:\/\/lagranpantallafestival.com\/ca\/wp-json\/wp\/v2\/comments?post=2726"}],"version-history":[{"count":2,"href":"https:\/\/lagranpantallafestival.com\/ca\/wp-json\/wp\/v2\/posts\/2726\/revisions"}],"predecessor-version":[{"id":2734,"href":"https:\/\/lagranpantallafestival.com\/ca\/wp-json\/wp\/v2\/posts\/2726\/revisions\/2734"}],"wp:featuredmedia":[{"embeddable":true,"href":"https:\/\/lagranpantallafestival.com\/ca\/wp-json\/wp\/v2\/media\/2729"}],"wp:attachment":[{"href":"https:\/\/lagranpantallafestival.com\/ca\/wp-json\/wp\/v2\/media?parent=2726"}],"wp:term":[{"taxonomy":"category","embeddable":true,"href":"https:\/\/lagranpantallafestival.com\/ca\/wp-json\/wp\/v2\/categories?post=2726"},{"taxonomy":"post_tag","embeddable":true,"href":"https:\/\/lagranpantallafestival.com\/ca\/wp-json\/wp\/v2\/tags?post=2726"}],"curies":[{"name":"wp","href":"https:\/\/api.w.org\/{rel}","templated":true}]}}