{"id":1172,"date":"2020-02-11T22:28:00","date_gmt":"2020-02-11T22:28:00","guid":{"rendered":"http:\/\/lagranpantallafestival.com\/?p=1172"},"modified":"2020-06-15T20:20:29","modified_gmt":"2020-06-15T20:20:29","slug":"3-raons-per-fer-un-festival-de-cinema-sobre-les-persones-grans","status":"publish","type":"post","link":"https:\/\/lagranpantallafestival.com\/ca\/3-raons-per-fer-un-festival-de-cinema-sobre-les-persones-grans\/","title":{"rendered":"3 raons per fer un Festival de Cinema sobre les Persones Grans"},"content":{"rendered":"\n<p class=\"has-drop-cap has-medium-font-size\">Sempre ens pregunten d\u2019on sorgeix la idea de fer un festival de cinema i per qu\u00e8 fer-lo sobre les persones grans. Som <a href=\"http:\/\/elparlante.es\/ca\/\">una associaci\u00f3 cultural<\/a> i ens mou all\u00f2 que \u00e9s social. Aix\u00ed doncs, per qu\u00e8 no sumar les nostres motivacions per crear alguna cosa innovadora i diferent?<\/p>\n\n\n\n<p class=\"has-medium-font-size\"><a href=\"https:\/\/www.elperiodico.com\/es\/ocio-y-cultura\/20190606\/que-hacer-hoy-barcelona-jueves-6-junio-2019-7489213\">La GRAN pantalla!<\/a> \u00e9s un espai per gaudir del cinema des d\u2019una nova perspectiva, posant el focus en com estan representades les persones grans. Per\u00f2, el festival, a m\u00e9s a m\u00e9s, va ser pensat com un lloc d\u2019aprenentatge i debat per parlar de la ind\u00fastria i dels temes que s\u00f3n tab\u00fa, tamb\u00e9 en el cinema, quan envellim.<\/p>\n\n\n\n<p class=\"has-medium-font-size\">A la <a href=\"https:\/\/lagranpantallafestival.elparlante.es\/programacion\/\">primera edici\u00f3<\/a> de La GRAN pantalla! ens vam dedicar a buscar i projectar noves mirades sobre el fet d\u2019envellir. De manera que, amb una mostra de vuit pel\u00b7l\u00edcules, setze curtmetratges en competici\u00f3 i dues sessions de cinef\u00f2rum, vam obrir les portes dels Cinemes Girona, a m\u00e9s de dos mil espectadors durant els tres dies del Festival.<\/p>\n\n\n\n<p class=\"has-medium-font-size\">El 2019 ens vam llen\u00e7ar al debat feminista sobre les problem\u00e0tiques amb les quals es troben les actrius i les possibilitats que tenen o deixen de tenir amb el pas del temps. Tamb\u00e9, vam projectar pel\u00b7l\u00edcules sobre persones grans LGBTIQ+ obrint una taula per parlar sobre la representaci\u00f3 d\u2019aquest col\u00b7lectiu al cinema.<\/p>\n\n\n\n<hr class=\"wp-block-separator\"\/>\n\n\n\n<hr class=\"wp-block-separator has-text-color has-background\" style=\"background-color:#ffffff;color:#ffffff\"\/>\n\n\n\n<figure class=\"wp-block-gallery columns-3 is-cropped wp-block-gallery-1 is-layout-flex wp-block-gallery-is-layout-flex\"><ul class=\"blocks-gallery-grid\"><li class=\"blocks-gallery-item\"><figure><img fetchpriority=\"high\" fetchpriority=\"high\" decoding=\"async\" width=\"1024\" height=\"683\" src=\"https:\/\/lagranpantallafestival.com\/wp-content\/uploads\/2020\/02\/MG_4997-33-1024x683-1.jpg\" alt=\"\" data-id=\"1586\" data-full-url=\"https:\/\/lagranpantallafestival.com\/wp-content\/uploads\/2020\/02\/MG_4997-33-1024x683-1.jpg\" data-link=\"https:\/\/lagranpantallafestival.com\/ca\/2020\/02\/11\/3-raons-per-fer-un-festival-de-cinema-sobre-les-persones-grans\/mg_4997-33-1024x683\/\" class=\"wp-image-1586\" srcset=\"https:\/\/lagranpantallafestival.com\/wp-content\/uploads\/2020\/02\/MG_4997-33-1024x683-1.jpg 1024w, https:\/\/lagranpantallafestival.com\/wp-content\/uploads\/2020\/02\/MG_4997-33-1024x683-1-980x654.jpg 980w, https:\/\/lagranpantallafestival.com\/wp-content\/uploads\/2020\/02\/MG_4997-33-1024x683-1-480x320.jpg 480w\" sizes=\"(min-width: 0px) and (max-width: 480px) 480px, (min-width: 481px) and (max-width: 980px) 980px, (min-width: 981px) 1024px, 100vw\" \/><\/figure><\/li><li class=\"blocks-gallery-item\"><figure><img decoding=\"async\" width=\"1024\" height=\"683\" src=\"https:\/\/lagranpantallafestival.com\/wp-content\/uploads\/2020\/02\/DSCF2096-23-1024x683-1.jpg\" alt=\"\" data-id=\"1585\" data-full-url=\"https:\/\/lagranpantallafestival.com\/wp-content\/uploads\/2020\/02\/DSCF2096-23-1024x683-1.jpg\" data-link=\"https:\/\/lagranpantallafestival.com\/ca\/2020\/02\/11\/3-raons-per-fer-un-festival-de-cinema-sobre-les-persones-grans\/dscf2096-23-1024x683\/\" class=\"wp-image-1585\" srcset=\"https:\/\/lagranpantallafestival.com\/wp-content\/uploads\/2020\/02\/DSCF2096-23-1024x683-1.jpg 1024w, https:\/\/lagranpantallafestival.com\/wp-content\/uploads\/2020\/02\/DSCF2096-23-1024x683-1-980x654.jpg 980w, https:\/\/lagranpantallafestival.com\/wp-content\/uploads\/2020\/02\/DSCF2096-23-1024x683-1-480x320.jpg 480w\" sizes=\"(min-width: 0px) and (max-width: 480px) 480px, (min-width: 481px) and (max-width: 980px) 980px, (min-width: 981px) 1024px, 100vw\" \/><\/figure><\/li><li class=\"blocks-gallery-item\"><figure><img decoding=\"async\" width=\"1024\" height=\"683\" src=\"https:\/\/lagranpantallafestival.com\/wp-content\/uploads\/2020\/02\/DSCF1941-10-1024x683-1.jpg\" alt=\"\" data-id=\"1584\" data-full-url=\"https:\/\/lagranpantallafestival.com\/wp-content\/uploads\/2020\/02\/DSCF1941-10-1024x683-1.jpg\" data-link=\"https:\/\/lagranpantallafestival.com\/ca\/2020\/02\/11\/3-raons-per-fer-un-festival-de-cinema-sobre-les-persones-grans\/dscf1941-10-1024x683\/\" class=\"wp-image-1584\" srcset=\"https:\/\/lagranpantallafestival.com\/wp-content\/uploads\/2020\/02\/DSCF1941-10-1024x683-1.jpg 1024w, https:\/\/lagranpantallafestival.com\/wp-content\/uploads\/2020\/02\/DSCF1941-10-1024x683-1-980x654.jpg 980w, https:\/\/lagranpantallafestival.com\/wp-content\/uploads\/2020\/02\/DSCF1941-10-1024x683-1-480x320.jpg 480w\" sizes=\"(min-width: 0px) and (max-width: 480px) 480px, (min-width: 481px) and (max-width: 980px) 980px, (min-width: 981px) 1024px, 100vw\" \/><\/figure><\/li><\/ul><\/figure>\n\n\n\n<h2 class=\"wp-block-heading\">La segona edici\u00f3<\/h2>\n\n\n\n<p class=\"has-medium-font-size\">La segona edici\u00f3 del Festival Internacional de Cinema de les Persones Grans La GRAN pantalla! ja s\u2019est\u00e0 gestant i es dur\u00e0 a terme del 18 al 21 de juny de 2020. Estem treballant per consolidar un espai important i necessari com aquest, dins de l\u2019agenda cultural de la ciutat. Per\u00f2, quines s\u00f3n les raons per fer-lo?<\/p>\n\n\n\n<h3 class=\"wp-block-heading\">1. \u00c9s una q\u00fcesti\u00f3 de representaci\u00f3<\/h3>\n\n\n\n<p class=\"has-medium-font-size\">El p\u00fablic majoritari de les sales de cinema no comercials de la ciutat t\u00e9 m\u00e9s de seixanta anys i, curiosament, aquesta franja d\u2019edat \u00e9s la menys visibilitzada. Aquesta manca de representaci\u00f3, en l\u2019ampli univers cinematogr\u00e0fic, \u00e9s un tema recurrent durant les formacions i processos de sensibilitzaci\u00f3 que fa <a href=\"http:\/\/elparlante.es\/ca\/\">elParlante<\/a> amb les persones grans, a diferents centres c\u00edvics i casals de Barcelona.<\/p>\n\n\n\n<h3 class=\"wp-block-heading\">2. La promoci\u00f3 de continguts audiovisuals diversos<\/h3>\n\n\n\n<p class=\"has-medium-font-size\">Aquest festival \u00e9s una gran oportunitat per presentar nous talents del m\u00f3n cinematogr\u00e0fic, i tamb\u00e9, presentar-ne d\u2019altres m\u00e9s consolidats que segueixen treballant incansablement, fins i tot despr\u00e9s de l&#8217;\u201dedat de jubilaci\u00f3\u201d. \u00c9s l\u2019espai idoni per promoure una nova mirada sobre les persones grans, incloent-hi la diversitat d\u2019origen, el g\u00e8nere i\/o la sexualitat, per\u00f2, tamb\u00e9 la diversitat funcional i ps\u00edquica. Mostrar les moltes formes de ser gran i posar en escena les problem\u00e0tiques que sorgeixen en aquesta etapa de la vida.<\/p>\n\n\n\n<h3 class=\"wp-block-heading\">3. El debat que promou el set\u00e8 art<\/h3>\n\n\n\n<p class=\"has-medium-font-size\">Els espais de cinef\u00f2rum que hem creat dins de la programaci\u00f3 de La GRAN pantalla! tenen com a objectiu convocar els i les professionals del sector i amants del cinema, per debatre sobre les pel\u00b7l\u00edcules projectades. \u00c9s en aquest espai on es mostra el car\u00e0cter social del nostre projecte i, on oferim a les persones grans que hi assisteixen, un espai per decidir qu\u00e8 \u00e9s el que pensen i qu\u00e8 senten en veure els continguts proposats.<\/p>\n\n\n\n<h2 class=\"wp-block-heading\">Novetats de la Competici\u00f3<\/h2>\n\n\n\n<div class=\"wp-block-image\"><figure class=\"aligncenter size-large\"><img decoding=\"async\" src=\"https:\/\/lagranpantallafestival.com\/wp-content\/uploads\/2020\/06\/mapa-festhome-convocatoria-e1581415433746-1024x589.png\" alt=\"\"\/><figcaption>Mapa de los paises de donde nos han enviado cortometrajes para la competici\u00f3n. Festhome.<\/figcaption><\/figure><\/div>\n\n\n\n<hr class=\"wp-block-separator\"\/>\n\n\n\n<p class=\"has-medium-font-size\">El II Festival Internacional de Cinema de les Persones Grans La GRAN pantalla! ha obert la convocat\u00f2ria de curtmetratges per la competici\u00f3 a <a href=\"https:\/\/festhome.com\/f\/4632\">Festhome<\/a>. Hem rebut obres procedents d\u2019Espanya, Xile, Argentina, Brasil, Canad\u00e0, M\u00e8xic, Equador, Fran\u00e7a, Egipte, S\u00edria, Iran, Gr\u00e8cia, Alb\u00e0nia, Dinamarca, Romania, Ucra\u00efna, Pol\u00f2nia, Cuba i la Rep\u00fablica Dominicana.<\/p>\n\n\n\n<p class=\"has-medium-font-size\">Mitjan\u00e7ant el nostre <a href=\"https:\/\/lagranpantallafestival.com\/ca\/noticies\/\">blog,<\/a> podr\u00e0s con\u00e8ixer totes les not\u00edcies i novetats d\u2019aquest any perqu\u00e8 puguis programar-te des d\u2019ara mateix i acompanyar-nos, un cop m\u00e9s, a la festa del cinema i les persones grans.<\/p>\n\n\n\n<p class=\"has-medium-font-size\">Si vols vincular-te al Festival com a soci, s\u00f2cia, voluntari o volunt\u00e0ria, <a href=\"https:\/\/lagranpantallafestival.com\/ca\/contacte\/\">contacta\u2019ns<\/a>!<\/p>\n","protected":false},"excerpt":{"rendered":"<p>Sempre ens pregunten d\u2019on sorgeix la idea de fer un festival de cinema i per qu\u00e8 fer-lo sobre les persones grans.<\/p>\n","protected":false},"author":5,"featured_media":806,"comment_status":"open","ping_status":"open","sticky":false,"template":"","format":"standard","meta":{"_et_pb_use_builder":"off","_et_pb_old_content":"","_et_gb_content_width":"1080","cybocfi_hide_featured_image":"","footnotes":""},"categories":[113],"tags":[],"class_list":["post-1172","post","type-post","status-publish","format-standard","has-post-thumbnail","hentry","category-blog-ca"],"yoast_head":"<!-- This site is optimized with the Yoast SEO plugin v26.7 - https:\/\/yoast.com\/wordpress\/plugins\/seo\/ -->\n<title>3 raons per fer un Festival de Cinema sobre les Persones Grans &#183;<\/title>\n<meta name=\"description\" content=\"El Festival Internacional de Cine de las personas mayores La Gran Pantalla! es el primer espacio en Barcelona dedicado al encuentro cinematogr\u00e1fico intergeneracional. Proyectamos pel\u00edculas y cortometrajes que aborden nuevas miradas sobre el hecho de ser mayor. Nuestro objetivo es desmontar los estereotipos que existen en la sociedad y promover el envejecimiento activo, a trav\u00e9s de la reflexi\u00f3n y el debate que inspira el s\u00e9ptimo arte.\" \/>\n<meta name=\"robots\" content=\"index, follow, max-snippet:-1, max-image-preview:large, max-video-preview:-1\" \/>\n<link rel=\"canonical\" href=\"https:\/\/lagranpantallafestival.com\/ca\/3-raons-per-fer-un-festival-de-cinema-sobre-les-persones-grans\/\" \/>\n<meta property=\"og:locale\" content=\"ca_ES\" \/>\n<meta property=\"og:type\" content=\"article\" \/>\n<meta property=\"og:title\" content=\"3 raons per fer un Festival de Cinema sobre les Persones Grans &#183;\" \/>\n<meta property=\"og:description\" content=\"El Festival Internacional de Cine de las personas mayores La Gran Pantalla! es el primer espacio en Barcelona dedicado al encuentro cinematogr\u00e1fico intergeneracional. Proyectamos pel\u00edculas y cortometrajes que aborden nuevas miradas sobre el hecho de ser mayor. Nuestro objetivo es desmontar los estereotipos que existen en la sociedad y promover el envejecimiento activo, a trav\u00e9s de la reflexi\u00f3n y el debate que inspira el s\u00e9ptimo arte.\" \/>\n<meta property=\"og:url\" content=\"https:\/\/lagranpantallafestival.com\/ca\/3-raons-per-fer-un-festival-de-cinema-sobre-les-persones-grans\/\" \/>\n<meta property=\"og:site_name\" content=\"Festival Internacional de Cinema de les Persones Grans de Barcelona: La Gran Pantalla\" \/>\n<meta property=\"article:publisher\" content=\"https:\/\/www.facebook.com\/lagranpantallabcn\/\" \/>\n<meta property=\"article:published_time\" content=\"2020-02-11T22:28:00+00:00\" \/>\n<meta property=\"article:modified_time\" content=\"2020-06-15T20:20:29+00:00\" \/>\n<meta property=\"og:image\" content=\"https:\/\/lagranpantallafestival.com\/wp-content\/uploads\/2020\/06\/festival-1024x576-1.png\" \/>\n\t<meta property=\"og:image:width\" content=\"1024\" \/>\n\t<meta property=\"og:image:height\" content=\"576\" \/>\n\t<meta property=\"og:image:type\" content=\"image\/png\" \/>\n<meta name=\"author\" content=\"lagranpantalla\" \/>\n<meta name=\"twitter:card\" content=\"summary_large_image\" \/>\n<meta name=\"twitter:creator\" content=\"@granpantallabcn\" \/>\n<meta name=\"twitter:site\" content=\"@granpantallabcn\" \/>\n<meta name=\"twitter:label1\" content=\"Escrit per\" \/>\n\t<meta name=\"twitter:data1\" content=\"lagranpantalla\" \/>\n\t<meta name=\"twitter:label2\" content=\"Temps estimat de lectura\" \/>\n\t<meta name=\"twitter:data2\" content=\"3 minuts\" \/>\n<script type=\"application\/ld+json\" class=\"yoast-schema-graph\">{\"@context\":\"https:\/\/schema.org\",\"@graph\":[{\"@type\":\"Article\",\"@id\":\"https:\/\/lagranpantallafestival.com\/ca\/3-raons-per-fer-un-festival-de-cinema-sobre-les-persones-grans\/#article\",\"isPartOf\":{\"@id\":\"https:\/\/lagranpantallafestival.com\/ca\/3-raons-per-fer-un-festival-de-cinema-sobre-les-persones-grans\/\"},\"author\":{\"name\":\"lagranpantalla\",\"@id\":\"https:\/\/lagranpantallafestival.com\/ca\/#\/schema\/person\/e5355ee111665d65e25130e4e6a9b359\"},\"headline\":\"3 raons per fer un Festival de Cinema sobre les Persones Grans\",\"datePublished\":\"2020-02-11T22:28:00+00:00\",\"dateModified\":\"2020-06-15T20:20:29+00:00\",\"mainEntityOfPage\":{\"@id\":\"https:\/\/lagranpantallafestival.com\/ca\/3-raons-per-fer-un-festival-de-cinema-sobre-les-persones-grans\/\"},\"wordCount\":680,\"commentCount\":0,\"publisher\":{\"@id\":\"https:\/\/lagranpantallafestival.com\/ca\/#organization\"},\"image\":{\"@id\":\"https:\/\/lagranpantallafestival.com\/ca\/3-raons-per-fer-un-festival-de-cinema-sobre-les-persones-grans\/#primaryimage\"},\"thumbnailUrl\":\"https:\/\/lagranpantallafestival.com\/wp-content\/uploads\/2020\/06\/festival-1024x576-1.png\",\"articleSection\":[\"NOTICIES\"],\"inLanguage\":\"ca\",\"potentialAction\":[{\"@type\":\"CommentAction\",\"name\":\"Comment\",\"target\":[\"https:\/\/lagranpantallafestival.com\/ca\/3-raons-per-fer-un-festival-de-cinema-sobre-les-persones-grans\/#respond\"]}]},{\"@type\":\"WebPage\",\"@id\":\"https:\/\/lagranpantallafestival.com\/ca\/3-raons-per-fer-un-festival-de-cinema-sobre-les-persones-grans\/\",\"url\":\"https:\/\/lagranpantallafestival.com\/ca\/3-raons-per-fer-un-festival-de-cinema-sobre-les-persones-grans\/\",\"name\":\"3 raons per fer un Festival de Cinema sobre les Persones Grans &#183;\",\"isPartOf\":{\"@id\":\"https:\/\/lagranpantallafestival.com\/ca\/#website\"},\"primaryImageOfPage\":{\"@id\":\"https:\/\/lagranpantallafestival.com\/ca\/3-raons-per-fer-un-festival-de-cinema-sobre-les-persones-grans\/#primaryimage\"},\"image\":{\"@id\":\"https:\/\/lagranpantallafestival.com\/ca\/3-raons-per-fer-un-festival-de-cinema-sobre-les-persones-grans\/#primaryimage\"},\"thumbnailUrl\":\"https:\/\/lagranpantallafestival.com\/wp-content\/uploads\/2020\/06\/festival-1024x576-1.png\",\"datePublished\":\"2020-02-11T22:28:00+00:00\",\"dateModified\":\"2020-06-15T20:20:29+00:00\",\"description\":\"El Festival Internacional de Cine de las personas mayores La Gran Pantalla! es el primer espacio en Barcelona dedicado al encuentro cinematogr\u00e1fico intergeneracional. Proyectamos pel\u00edculas y cortometrajes que aborden nuevas miradas sobre el hecho de ser mayor. Nuestro objetivo es desmontar los estereotipos que existen en la sociedad y promover el envejecimiento activo, a trav\u00e9s de la reflexi\u00f3n y el debate que inspira el s\u00e9ptimo arte.\",\"breadcrumb\":{\"@id\":\"https:\/\/lagranpantallafestival.com\/ca\/3-raons-per-fer-un-festival-de-cinema-sobre-les-persones-grans\/#breadcrumb\"},\"inLanguage\":\"ca\",\"potentialAction\":[{\"@type\":\"ReadAction\",\"target\":[\"https:\/\/lagranpantallafestival.com\/ca\/3-raons-per-fer-un-festival-de-cinema-sobre-les-persones-grans\/\"]}]},{\"@type\":\"ImageObject\",\"inLanguage\":\"ca\",\"@id\":\"https:\/\/lagranpantallafestival.com\/ca\/3-raons-per-fer-un-festival-de-cinema-sobre-les-persones-grans\/#primaryimage\",\"url\":\"https:\/\/lagranpantallafestival.com\/wp-content\/uploads\/2020\/06\/festival-1024x576-1.png\",\"contentUrl\":\"https:\/\/lagranpantallafestival.com\/wp-content\/uploads\/2020\/06\/festival-1024x576-1.png\",\"width\":1024,\"height\":576,\"caption\":\"Festival Internacional de Cinema de les Persones Grans de Barcelona\"},{\"@type\":\"BreadcrumbList\",\"@id\":\"https:\/\/lagranpantallafestival.com\/ca\/3-raons-per-fer-un-festival-de-cinema-sobre-les-persones-grans\/#breadcrumb\",\"itemListElement\":[{\"@type\":\"ListItem\",\"position\":1,\"name\":\"Portada\",\"item\":\"https:\/\/lagranpantallafestival.com\/ca\/\"},{\"@type\":\"ListItem\",\"position\":2,\"name\":\"3 raons per fer un Festival de Cinema sobre les Persones Grans\"}]},{\"@type\":\"WebSite\",\"@id\":\"https:\/\/lagranpantallafestival.com\/ca\/#website\",\"url\":\"https:\/\/lagranpantallafestival.com\/ca\/\",\"name\":\"Festival Internacional de Cinema de les Persones Grans de Barcelona: La Gran Pantalla\",\"description\":\"El Festival Internacional de Cine de las personas mayores La gran pantalla! es el primer espacio en Barcelona dedicado al encuentro cinematogr\u00e1fico intergeneracional. Proyectamos pel\u00edculas y cortometrajes que aborden nuevas miradas sobre el hecho de ser mayor. Nuestro objetivo es desmontar los estereotipos que existen en la sociedad y promover el envejecimiento activo, a trav\u00e9s de la reflexi\u00f3n y el debate que inspira el s\u00e9ptimo arte.\",\"publisher\":{\"@id\":\"https:\/\/lagranpantallafestival.com\/ca\/#organization\"},\"potentialAction\":[{\"@type\":\"SearchAction\",\"target\":{\"@type\":\"EntryPoint\",\"urlTemplate\":\"https:\/\/lagranpantallafestival.com\/ca\/?s={search_term_string}\"},\"query-input\":{\"@type\":\"PropertyValueSpecification\",\"valueRequired\":true,\"valueName\":\"search_term_string\"}}],\"inLanguage\":\"ca\"},{\"@type\":\"Organization\",\"@id\":\"https:\/\/lagranpantallafestival.com\/ca\/#organization\",\"name\":\"[wpseo_titles]company_nombre\",\"url\":\"https:\/\/lagranpantallafestival.com\/ca\/\",\"logo\":{\"@type\":\"ImageObject\",\"inLanguage\":\"ca\",\"@id\":\"https:\/\/lagranpantallafestival.com\/ca\/#\/schema\/logo\/image\/\",\"url\":\"https:\/\/i0.wp.com\/lagranpantallafestival.com\/wp-content\/uploads\/2020\/05\/Logo_web_LaGranPantalla.png?fit=901%2C301&ssl=1\",\"contentUrl\":\"https:\/\/i0.wp.com\/lagranpantallafestival.com\/wp-content\/uploads\/2020\/05\/Logo_web_LaGranPantalla.png?fit=901%2C301&ssl=1\",\"width\":901,\"height\":301,\"caption\":\"[wpseo_titles]company_nombre\"},\"image\":{\"@id\":\"https:\/\/lagranpantallafestival.com\/ca\/#\/schema\/logo\/image\/\"},\"sameAs\":[\"https:\/\/www.facebook.com\/lagranpantallabcn\/\",\"https:\/\/x.com\/granpantallabcn\",\"https:\/\/www.instagram.com\/lagranpantallabcn\/\",\"https:\/\/www.youtube.com\/user\/colectivoelparlante\"]},{\"@type\":\"Person\",\"@id\":\"https:\/\/lagranpantallafestival.com\/ca\/#\/schema\/person\/e5355ee111665d65e25130e4e6a9b359\",\"name\":\"lagranpantalla\",\"image\":{\"@type\":\"ImageObject\",\"inLanguage\":\"ca\",\"@id\":\"https:\/\/lagranpantallafestival.com\/ca\/#\/schema\/person\/image\/\",\"url\":\"https:\/\/secure.gravatar.com\/avatar\/4d7d152cbe8c0a34203c3c862e5e0dcb4c426e2e6d438567fb8fb45bec080245?s=96&d=mm&r=g\",\"contentUrl\":\"https:\/\/secure.gravatar.com\/avatar\/4d7d152cbe8c0a34203c3c862e5e0dcb4c426e2e6d438567fb8fb45bec080245?s=96&d=mm&r=g\",\"caption\":\"lagranpantalla\"},\"url\":\"https:\/\/lagranpantallafestival.com\/ca\/author\/lagranpantalla\/\"}]}<\/script>\n<!-- \/ Yoast SEO plugin. -->","yoast_head_json":{"title":"3 raons per fer un Festival de Cinema sobre les Persones Grans &#183;","description":"El Festival Internacional de Cine de las personas mayores La Gran Pantalla! es el primer espacio en Barcelona dedicado al encuentro cinematogr\u00e1fico intergeneracional. Proyectamos pel\u00edculas y cortometrajes que aborden nuevas miradas sobre el hecho de ser mayor. Nuestro objetivo es desmontar los estereotipos que existen en la sociedad y promover el envejecimiento activo, a trav\u00e9s de la reflexi\u00f3n y el debate que inspira el s\u00e9ptimo arte.","robots":{"index":"index","follow":"follow","max-snippet":"max-snippet:-1","max-image-preview":"max-image-preview:large","max-video-preview":"max-video-preview:-1"},"canonical":"https:\/\/lagranpantallafestival.com\/ca\/3-raons-per-fer-un-festival-de-cinema-sobre-les-persones-grans\/","og_locale":"ca_ES","og_type":"article","og_title":"3 raons per fer un Festival de Cinema sobre les Persones Grans &#183;","og_description":"El Festival Internacional de Cine de las personas mayores La Gran Pantalla! es el primer espacio en Barcelona dedicado al encuentro cinematogr\u00e1fico intergeneracional. Proyectamos pel\u00edculas y cortometrajes que aborden nuevas miradas sobre el hecho de ser mayor. Nuestro objetivo es desmontar los estereotipos que existen en la sociedad y promover el envejecimiento activo, a trav\u00e9s de la reflexi\u00f3n y el debate que inspira el s\u00e9ptimo arte.","og_url":"https:\/\/lagranpantallafestival.com\/ca\/3-raons-per-fer-un-festival-de-cinema-sobre-les-persones-grans\/","og_site_name":"Festival Internacional de Cinema de les Persones Grans de Barcelona: La Gran Pantalla","article_publisher":"https:\/\/www.facebook.com\/lagranpantallabcn\/","article_published_time":"2020-02-11T22:28:00+00:00","article_modified_time":"2020-06-15T20:20:29+00:00","og_image":[{"width":1024,"height":576,"url":"https:\/\/lagranpantallafestival.com\/wp-content\/uploads\/2020\/06\/festival-1024x576-1.png","type":"image\/png"}],"author":"lagranpantalla","twitter_card":"summary_large_image","twitter_creator":"@granpantallabcn","twitter_site":"@granpantallabcn","twitter_misc":{"Escrit per":"lagranpantalla","Temps estimat de lectura":"3 minuts"},"schema":{"@context":"https:\/\/schema.org","@graph":[{"@type":"Article","@id":"https:\/\/lagranpantallafestival.com\/ca\/3-raons-per-fer-un-festival-de-cinema-sobre-les-persones-grans\/#article","isPartOf":{"@id":"https:\/\/lagranpantallafestival.com\/ca\/3-raons-per-fer-un-festival-de-cinema-sobre-les-persones-grans\/"},"author":{"name":"lagranpantalla","@id":"https:\/\/lagranpantallafestival.com\/ca\/#\/schema\/person\/e5355ee111665d65e25130e4e6a9b359"},"headline":"3 raons per fer un Festival de Cinema sobre les Persones Grans","datePublished":"2020-02-11T22:28:00+00:00","dateModified":"2020-06-15T20:20:29+00:00","mainEntityOfPage":{"@id":"https:\/\/lagranpantallafestival.com\/ca\/3-raons-per-fer-un-festival-de-cinema-sobre-les-persones-grans\/"},"wordCount":680,"commentCount":0,"publisher":{"@id":"https:\/\/lagranpantallafestival.com\/ca\/#organization"},"image":{"@id":"https:\/\/lagranpantallafestival.com\/ca\/3-raons-per-fer-un-festival-de-cinema-sobre-les-persones-grans\/#primaryimage"},"thumbnailUrl":"https:\/\/lagranpantallafestival.com\/wp-content\/uploads\/2020\/06\/festival-1024x576-1.png","articleSection":["NOTICIES"],"inLanguage":"ca","potentialAction":[{"@type":"CommentAction","name":"Comment","target":["https:\/\/lagranpantallafestival.com\/ca\/3-raons-per-fer-un-festival-de-cinema-sobre-les-persones-grans\/#respond"]}]},{"@type":"WebPage","@id":"https:\/\/lagranpantallafestival.com\/ca\/3-raons-per-fer-un-festival-de-cinema-sobre-les-persones-grans\/","url":"https:\/\/lagranpantallafestival.com\/ca\/3-raons-per-fer-un-festival-de-cinema-sobre-les-persones-grans\/","name":"3 raons per fer un Festival de Cinema sobre les Persones Grans &#183;","isPartOf":{"@id":"https:\/\/lagranpantallafestival.com\/ca\/#website"},"primaryImageOfPage":{"@id":"https:\/\/lagranpantallafestival.com\/ca\/3-raons-per-fer-un-festival-de-cinema-sobre-les-persones-grans\/#primaryimage"},"image":{"@id":"https:\/\/lagranpantallafestival.com\/ca\/3-raons-per-fer-un-festival-de-cinema-sobre-les-persones-grans\/#primaryimage"},"thumbnailUrl":"https:\/\/lagranpantallafestival.com\/wp-content\/uploads\/2020\/06\/festival-1024x576-1.png","datePublished":"2020-02-11T22:28:00+00:00","dateModified":"2020-06-15T20:20:29+00:00","description":"El Festival Internacional de Cine de las personas mayores La Gran Pantalla! es el primer espacio en Barcelona dedicado al encuentro cinematogr\u00e1fico intergeneracional. Proyectamos pel\u00edculas y cortometrajes que aborden nuevas miradas sobre el hecho de ser mayor. Nuestro objetivo es desmontar los estereotipos que existen en la sociedad y promover el envejecimiento activo, a trav\u00e9s de la reflexi\u00f3n y el debate que inspira el s\u00e9ptimo arte.","breadcrumb":{"@id":"https:\/\/lagranpantallafestival.com\/ca\/3-raons-per-fer-un-festival-de-cinema-sobre-les-persones-grans\/#breadcrumb"},"inLanguage":"ca","potentialAction":[{"@type":"ReadAction","target":["https:\/\/lagranpantallafestival.com\/ca\/3-raons-per-fer-un-festival-de-cinema-sobre-les-persones-grans\/"]}]},{"@type":"ImageObject","inLanguage":"ca","@id":"https:\/\/lagranpantallafestival.com\/ca\/3-raons-per-fer-un-festival-de-cinema-sobre-les-persones-grans\/#primaryimage","url":"https:\/\/lagranpantallafestival.com\/wp-content\/uploads\/2020\/06\/festival-1024x576-1.png","contentUrl":"https:\/\/lagranpantallafestival.com\/wp-content\/uploads\/2020\/06\/festival-1024x576-1.png","width":1024,"height":576,"caption":"Festival Internacional de Cinema de les Persones Grans de Barcelona"},{"@type":"BreadcrumbList","@id":"https:\/\/lagranpantallafestival.com\/ca\/3-raons-per-fer-un-festival-de-cinema-sobre-les-persones-grans\/#breadcrumb","itemListElement":[{"@type":"ListItem","position":1,"name":"Portada","item":"https:\/\/lagranpantallafestival.com\/ca\/"},{"@type":"ListItem","position":2,"name":"3 raons per fer un Festival de Cinema sobre les Persones Grans"}]},{"@type":"WebSite","@id":"https:\/\/lagranpantallafestival.com\/ca\/#website","url":"https:\/\/lagranpantallafestival.com\/ca\/","name":"Festival Internacional de Cinema de les Persones Grans de Barcelona: La Gran Pantalla","description":"El Festival Internacional de Cine de las personas mayores La gran pantalla! es el primer espacio en Barcelona dedicado al encuentro cinematogr\u00e1fico intergeneracional. Proyectamos pel\u00edculas y cortometrajes que aborden nuevas miradas sobre el hecho de ser mayor. Nuestro objetivo es desmontar los estereotipos que existen en la sociedad y promover el envejecimiento activo, a trav\u00e9s de la reflexi\u00f3n y el debate que inspira el s\u00e9ptimo arte.","publisher":{"@id":"https:\/\/lagranpantallafestival.com\/ca\/#organization"},"potentialAction":[{"@type":"SearchAction","target":{"@type":"EntryPoint","urlTemplate":"https:\/\/lagranpantallafestival.com\/ca\/?s={search_term_string}"},"query-input":{"@type":"PropertyValueSpecification","valueRequired":true,"valueName":"search_term_string"}}],"inLanguage":"ca"},{"@type":"Organization","@id":"https:\/\/lagranpantallafestival.com\/ca\/#organization","name":"[wpseo_titles]company_nombre","url":"https:\/\/lagranpantallafestival.com\/ca\/","logo":{"@type":"ImageObject","inLanguage":"ca","@id":"https:\/\/lagranpantallafestival.com\/ca\/#\/schema\/logo\/image\/","url":"https:\/\/i0.wp.com\/lagranpantallafestival.com\/wp-content\/uploads\/2020\/05\/Logo_web_LaGranPantalla.png?fit=901%2C301&ssl=1","contentUrl":"https:\/\/i0.wp.com\/lagranpantallafestival.com\/wp-content\/uploads\/2020\/05\/Logo_web_LaGranPantalla.png?fit=901%2C301&ssl=1","width":901,"height":301,"caption":"[wpseo_titles]company_nombre"},"image":{"@id":"https:\/\/lagranpantallafestival.com\/ca\/#\/schema\/logo\/image\/"},"sameAs":["https:\/\/www.facebook.com\/lagranpantallabcn\/","https:\/\/x.com\/granpantallabcn","https:\/\/www.instagram.com\/lagranpantallabcn\/","https:\/\/www.youtube.com\/user\/colectivoelparlante"]},{"@type":"Person","@id":"https:\/\/lagranpantallafestival.com\/ca\/#\/schema\/person\/e5355ee111665d65e25130e4e6a9b359","name":"lagranpantalla","image":{"@type":"ImageObject","inLanguage":"ca","@id":"https:\/\/lagranpantallafestival.com\/ca\/#\/schema\/person\/image\/","url":"https:\/\/secure.gravatar.com\/avatar\/4d7d152cbe8c0a34203c3c862e5e0dcb4c426e2e6d438567fb8fb45bec080245?s=96&d=mm&r=g","contentUrl":"https:\/\/secure.gravatar.com\/avatar\/4d7d152cbe8c0a34203c3c862e5e0dcb4c426e2e6d438567fb8fb45bec080245?s=96&d=mm&r=g","caption":"lagranpantalla"},"url":"https:\/\/lagranpantallafestival.com\/ca\/author\/lagranpantalla\/"}]}},"_links":{"self":[{"href":"https:\/\/lagranpantallafestival.com\/ca\/wp-json\/wp\/v2\/posts\/1172","targetHints":{"allow":["GET"]}}],"collection":[{"href":"https:\/\/lagranpantallafestival.com\/ca\/wp-json\/wp\/v2\/posts"}],"about":[{"href":"https:\/\/lagranpantallafestival.com\/ca\/wp-json\/wp\/v2\/types\/post"}],"author":[{"embeddable":true,"href":"https:\/\/lagranpantallafestival.com\/ca\/wp-json\/wp\/v2\/users\/5"}],"replies":[{"embeddable":true,"href":"https:\/\/lagranpantallafestival.com\/ca\/wp-json\/wp\/v2\/comments?post=1172"}],"version-history":[{"count":7,"href":"https:\/\/lagranpantallafestival.com\/ca\/wp-json\/wp\/v2\/posts\/1172\/revisions"}],"predecessor-version":[{"id":1589,"href":"https:\/\/lagranpantallafestival.com\/ca\/wp-json\/wp\/v2\/posts\/1172\/revisions\/1589"}],"wp:featuredmedia":[{"embeddable":true,"href":"https:\/\/lagranpantallafestival.com\/ca\/wp-json\/wp\/v2\/media\/806"}],"wp:attachment":[{"href":"https:\/\/lagranpantallafestival.com\/ca\/wp-json\/wp\/v2\/media?parent=1172"}],"wp:term":[{"taxonomy":"category","embeddable":true,"href":"https:\/\/lagranpantallafestival.com\/ca\/wp-json\/wp\/v2\/categories?post=1172"},{"taxonomy":"post_tag","embeddable":true,"href":"https:\/\/lagranpantallafestival.com\/ca\/wp-json\/wp\/v2\/tags?post=1172"}],"curies":[{"name":"wp","href":"https:\/\/api.w.org\/{rel}","templated":true}]}}